{"id":1002,"date":"2021-04-27T19:12:58","date_gmt":"2021-04-27T17:12:58","guid":{"rendered":"https:\/\/gruene-weissach.de\/?p=1002"},"modified":"2021-04-27T19:12:58","modified_gmt":"2021-04-27T17:12:58","slug":"gemeinderatssitzung-am-26-04-21-stellungnahme-zum-buergerbegehren-am-graben","status":"publish","type":"post","link":"https:\/\/gruene-weissach.de\/?p=1002","title":{"rendered":"Gemeinderatssitzung am 26.04.21 &#8211; Stellungnahme zum B\u00fcrgerbegehren &#8222;Am Graben&#8220;"},"content":{"rendered":"<h4 class=\"western\" lang=\"de-DE\"><b>Stellungnahme GR Sitzung 26.04.2021<\/b><\/h4>\n<h4 class=\"western\" lang=\"de-DE\"><b>TOP 4 B\u00fcrgerbegehren \u2013 Zulassung B\u00fcrgerentscheid<\/b><\/h4>\n<p class=\"western\" lang=\"de-DE\">Ziel eines B\u00fcrgerentscheides ist es, die B\u00fcrgerinnen und B\u00fcrger, in einer, f\u00fcr die gesamte Gemeinde wichtigen Angelegenheit mit entsprechender Tragweite, mitbestimmen zu lassen.<\/p>\n<p class=\"western\" lang=\"de-DE\">Ein solches Projekt ist das Baugebiet \u201eAm Graben\u201c nach unserer Auffassung sehr wohl. <strong>Deshalb haben wir als GR\u00dcNE Fraktion das B\u00fcrgerbegehren von Anfang an unterst\u00fctzt.<\/strong><\/p>\n<p class=\"western\" lang=\"de-DE\">Wir finden Mitbestimmung der B\u00fcrgerinnen und B\u00fcrger sehr wichtig und begr\u00fc\u00dfen diese ureigenste Form der Demokratie von unten auf kommunaler Ebene. Die Gemeindeordnung sieht diese M\u00f6glichkeit der politischen Partizipation ausdr\u00fccklich vor. Schlussendlich steigert dies auch die Akzeptanz politischer Entscheidungen.<\/p>\n<p class=\"western\" lang=\"de-DE\">Nicht nur wir sehen das so: Laut einer vor einem Monat ver\u00f6ffentlichten Studie der Universit\u00e4t Hohenheim zum Thema B\u00fcrgerbeteiligungen auf kommunaler Ebene, w\u00fcnschen rund 75% der B\u00fcrgerinnen und B\u00fcrger mehr Mitspracherecht bei politischen Entscheidungen.<\/p>\n<p class=\"western\" lang=\"de-DE\">Dar\u00fcber hinaus bietet jeder B\u00fcrgerentscheid die Chance, B\u00fcrger neu f\u00fcr die kommunalen Entwicklungen zu interessieren und zum Mitbestimmen einzuladen. \u00dcber das Wie \u2013 muss je nach Ausgang des B\u00fcrgerentscheids danach neu diskutiert werden, gerne auch mit einer dialogischen B\u00fcrgerbeteiligung.<\/p>\n<p class=\"western\" lang=\"de-DE\"><strong>Wir sprechen uns deshalb daf\u00fcr aus, allen B\u00fcrgerinnen und B\u00fcrgern die M\u00f6glichkeit der Mitbestimmung zu erm\u00f6glichen, um damit gemeinsam und demokratisch \u00fcber das Baugebiet \u201eAm Graben\u201c und damit \u00fcber die Zukunft unserer Gemeinde zu entscheiden.<\/strong><\/p>\n<p class=\"western\" lang=\"de-DE\">Wichtig ist es jedoch, verantwortungsbewusst mit der Entscheidung umzugehen.<\/p>\n<p class=\"western\" lang=\"de-DE\"><strong>Unabh\u00e4ngig vom Ausgang dieses B\u00fcrgerentscheides werden wir das Ergebnis respektieren und akzeptieren und den B\u00fcrgerwillen umsetzen.<\/strong><\/p>\n<p class=\"western\" lang=\"de-DE\">Zuletzt ein gro\u00dfer Dank an die Initiatoren und das ganze Team drumherum f\u00fcr den Einsatz und das Engagement in dieser Sache.<\/p>\n<p lang=\"de-DE\">Eure Gr\u00fcne Gemeinderatsfraktion<\/p>\n<p lang=\"de-DE\">Barbara, Christina, Petra und Pierre<\/p>\n<p class=\"western\" lang=\"de-DE\">\n","protected":false},"excerpt":{"rendered":"<p>Stellungnahme GR Sitzung 26.04.2021 TOP 4 B\u00fcrgerbegehren \u2013 Zulassung B\u00fcrgerentscheid [&hellip;]<\/p>\n","protected":false},"author":-1,"featured_media":0,"comment_status":"open","ping_status":"closed","sticky":false,"template":"","format":"standard","meta":{"footnotes":""},"categories":[2,1],"tags":[],"class_list":["post-1002","post","type-post","status-publish","format-standard","hentry","category-aktuell","category-allgemein"],"_links":{"self":[{"href":"https:\/\/gruene-weissach.de\/index.php?rest_route=\/wp\/v2\/posts\/1002","targetHints":{"allow":["GET"]}}],"collection":[{"href":"https:\/\/gruene-weissach.de\/index.php?rest_route=\/wp\/v2\/posts"}],"about":[{"href":"https:\/\/gruene-weissach.de\/index.php?rest_route=\/wp\/v2\/types\/post"}],"author":[{"embeddable":true,"href":"https:\/\/gruene-weissach.de\/index.php?rest_route=\/wp\/v2\/users\/1"}],"replies":[{"embeddable":true,"href":"https:\/\/gruene-weissach.de\/index.php?rest_route=%2Fwp%2Fv2%2Fcomments&post=1002"}],"version-history":[{"count":2,"href":"https:\/\/gruene-weissach.de\/index.php?rest_route=\/wp\/v2\/posts\/1002\/revisions"}],"predecessor-version":[{"id":1004,"href":"https:\/\/gruene-weissach.de\/index.php?rest_route=\/wp\/v2\/posts\/1002\/revisions\/1004"}],"wp:attachment":[{"href":"https:\/\/gruene-weissach.de\/index.php?rest_route=%2Fwp%2Fv2%2Fmedia&parent=1002"}],"wp:term":[{"taxonomy":"category","embeddable":true,"href":"https:\/\/gruene-weissach.de\/index.php?rest_route=%2Fwp%2Fv2%2Fcategories&post=1002"},{"taxonomy":"post_tag","embeddable":true,"href":"https:\/\/gruene-weissach.de\/index.php?rest_route=%2Fwp%2Fv2%2Ftags&post=1002"}],"curies":[{"name":"wp","href":"https:\/\/api.w.org\/{rel}","templated":true}]}}