{"id":1005,"date":"2021-05-06T19:21:44","date_gmt":"2021-05-06T17:21:44","guid":{"rendered":"https:\/\/gruene-weissach.de\/?p=1005"},"modified":"2021-05-06T19:21:44","modified_gmt":"2021-05-06T17:21:44","slug":"koalitionsvertrag-jetzt-fuer-morgen","status":"publish","type":"post","link":"https:\/\/gruene-weissach.de\/?p=1005","title":{"rendered":"Koalitionsvertrag &#8222;Jetzt f\u00fcr morgen&#8220;"},"content":{"rendered":"<p>Jetzt f\u00fcr morgen \u2013 unter diese Maxime haben wir und die CDU Baden-W\u00fcrttemberg unseren Erneuerungsvertrag f\u00fcr Baden-W\u00fcrttemberg gestellt. Damit formulieren wir einen klaren Auftrag an uns selbst, aber auch eine Einladung an die Menschen im Land, den Aufbruch aktiv mitzugestalten. Sch\u00fctzen wir das Klima und unsere Natur. Meistern wir den Strukturwandel der Wirtschaft, um unseren Wohlstand zu sichern. Und st\u00e4rken wir den Zusammenhalt unserer Gesellschaft.<\/p>\n<p>Hier findest du den <a href=\"https:\/\/www.gruene-bw.de\/wp-content\/uploads\/2021\/05\/Jetzt-fuer-morgen-Der-Erneuerungsvertrag-fuer-Baden-Wuerttemberg-gruen-schwarze-Koalition-2021-2026.pdf\" target=\"_blank\" rel=\"noopener\">Koalitionsvertrag zum Lesen<\/a>.<\/p>\n<p>&nbsp;<\/p>\n","protected":false},"excerpt":{"rendered":"<p>Jetzt f\u00fcr morgen \u2013 unter diese Maxime haben wir und [&hellip;]<\/p>\n","protected":false},"author":-1,"featured_media":0,"comment_status":"open","ping_status":"closed","sticky":false,"template":"","format":"standard","meta":{"footnotes":""},"categories":[2,1],"tags":[],"class_list":["post-1005","post","type-post","status-publish","format-standard","hentry","category-aktuell","category-allgemein"],"_links":{"self":[{"href":"https:\/\/gruene-weissach.de\/index.php?rest_route=\/wp\/v2\/posts\/1005","targetHints":{"allow":["GET"]}}],"collection":[{"href":"https:\/\/gruene-weissach.de\/index.php?rest_route=\/wp\/v2\/posts"}],"about":[{"href":"https:\/\/gruene-weissach.de\/index.php?rest_route=\/wp\/v2\/types\/post"}],"author":[{"embeddable":true,"href":"https:\/\/gruene-weissach.de\/index.php?rest_route=\/wp\/v2\/users\/1"}],"replies":[{"embeddable":true,"href":"https:\/\/gruene-weissach.de\/index.php?rest_route=%2Fwp%2Fv2%2Fcomments&post=1005"}],"version-history":[{"count":1,"href":"https:\/\/gruene-weissach.de\/index.php?rest_route=\/wp\/v2\/posts\/1005\/revisions"}],"predecessor-version":[{"id":1006,"href":"https:\/\/gruene-weissach.de\/index.php?rest_route=\/wp\/v2\/posts\/1005\/revisions\/1006"}],"wp:attachment":[{"href":"https:\/\/gruene-weissach.de\/index.php?rest_route=%2Fwp%2Fv2%2Fmedia&parent=1005"}],"wp:term":[{"taxonomy":"category","embeddable":true,"href":"https:\/\/gruene-weissach.de\/index.php?rest_route=%2Fwp%2Fv2%2Fcategories&post=1005"},{"taxonomy":"post_tag","embeddable":true,"href":"https:\/\/gruene-weissach.de\/index.php?rest_route=%2Fwp%2Fv2%2Ftags&post=1005"}],"curies":[{"name":"wp","href":"https:\/\/api.w.org\/{rel}","templated":true}]}}