{"id":1015,"date":"2021-06-20T14:01:37","date_gmt":"2021-06-20T12:01:37","guid":{"rendered":"https:\/\/gruene-weissach.de\/?p=1015"},"modified":"2021-06-20T19:19:58","modified_gmt":"2021-06-20T17:19:58","slug":"installation-von-pv-anlagen-auf-kommunalen-daechern","status":"publish","type":"post","link":"https:\/\/gruene-weissach.de\/?p=1015","title":{"rendered":"Installation von PV Anlagen auf kommunalen D\u00e4chern"},"content":{"rendered":"<p class=\"western\" lang=\"de-DE\"><span style=\"color: #000000;\">In der Sitzung des Technischen Ausschusses am 07.06.2021 wurde \u00fcber die <\/span><span style=\"color: #000000;\"> Installation von PV Anlagen auf kommunalen D\u00e4chern beraten.<\/span><\/p>\n<p class=\"western\" lang=\"de-DE\"><span style=\"color: #000000;\">Die Gemeinde Weissach m\u00f6chte mit einem Grundsatzbeschluss den Ausbau der PV-Anlagen auf kommunalen D\u00e4chern eigenst\u00e4ndig vorantreiben. Das begr\u00fc\u00dft unsere Fraktion!<\/span><\/p>\n<p class=\"western\" lang=\"de-DE\"><span style=\"color: #000000;\">Unser bisher \u00e4u\u00dferst aktiver und engagierter Klimaschutzmanager Herr Karczak, hatte dazu eine sehr ausf\u00fchrliche und gut nachvollziehbare Sitzungsvorlage vorbereitet.<\/span><\/p>\n<p class=\"western\" lang=\"de-DE\"><span style=\"color: #000000;\">Demnach sollen die bis 2024 im Finanzhaushalt eingestellten Planans\u00e4tze bereits vollst\u00e4ndig auf 2022 vorgezogen werden. Dies bedeutet, dass ab 2022 ausreichend Mittel bereitstehen, die Installation von PV-Anlagen auf kommunalen D\u00e4chern z\u00fcgig und schrittweise umzusetzen. Unser Klimaschutzmanager hat ein Solarkataster f\u00fcr alle m\u00f6glichen kommunalen Liegenschaften erstellt und uns hierzu eine sehr fundierte Wirtschaftlichkeitsanalyse vorgelegt, die jedoch sehr vorsichtig unter Ber\u00fccksichtigung aller m\u00f6glichen Kosten innerhalb der Nutzungszeit, kalkuliert wurde.<\/span><\/p>\n<p class=\"western\" lang=\"de-DE\"><strong><span style=\"color: #000000;\">Dabei wurde eine interne Verzinsung zwischen durchschnittlich 5% und 12% errechnet. Dies sind hervorragende Renditen und insgesamt sowohl finanziell als auch \u00f6kologisch eine h\u00f6chst lukrative Anlageform.<\/span><\/strong><\/p>\n<p class=\"western\" lang=\"de-DE\"><span style=\"color: #000000;\">Festgestellt wurde auch, dass Weissach im Vergleich zu anderen Kommunen im Ausbau Erneuerbarer Energien deutlich hinterherhinkt. Die Gemeinde nimmt hier alles andere als eine Vorreiterrolle ein. So liegt beispielsweise die Stromeinspeisungsquote gegen\u00fcber dem Strombedarf von Kommunen zwischen 5000 und 10.000 Einwohnern 2019 bei 35,6% &#8211; Weissach aber nur bei 24%. <\/span><\/p>\n<p class=\"western\" lang=\"de-DE\"><span style=\"color: #000000;\">Hier wurde in der Vergangenheit einiges vers\u00e4umt und viel zu wenig getan.<\/span><\/p>\n<p class=\"western\" lang=\"de-DE\"><span style=\"color: #000000;\">Das muss sich unserer Ansicht nach \u00e4ndern! <\/span><\/p>\n<p class=\"western\" lang=\"de-DE\"><strong><span style=\"color: #000000;\">Wir unterst\u00fctzen deshalb alle Ma\u00dfnahmen hierzu \u2013 es gilt dabei m\u00f6glichst rasch zu handeln.<\/span><\/strong><\/p>\n<p lang=\"de-DE\"><span style=\"color: #000000;\">Die Beschlussvorlage hierzu wurde im TA am 07.06.2021 ausf\u00fchrlich diskutiert und einstimmig beschlossen. Ebenso in der Gemeinderatssitzung am 14.06.2021.<\/span><\/p>\n<p lang=\"de-DE\"><span style=\"color: #000000;\">Erfreulicherweise war allen Fraktionen klar, dass diese Vorgehensweise absolut sinnvoll und notwendig ist.<\/span><\/p>\n<p lang=\"de-DE\"><span style=\"color: #000000;\">Unsere Fraktion stimmte <\/span><span style=\"color: #000000;\"><b>mit einem klaren Ja<\/b><\/span><span style=\"color: #000000;\"> allen Punkten der Beschlussvorlage zu. Insbesondere begr\u00fc\u00dfen wir, die Haushaltsmittel bereits 2022 komplett einzustellen und die Investitionen baldm\u00f6glichst anzugehen, nicht zuletzt auch, da <\/span><span style=\"color: #000000;\">s<\/span><span style=\"color: #000000;\">ie f\u00fcr die Gemeinde eine doch lukrative, alternative Geldanlage darstellen mit einer sehr ansprechenden Verzinsung.<\/span><\/p>\n<p lang=\"de-DE\"><span style=\"color: #000000;\">Auch unsere Kommune hat sich im Klimaschutzpakt verpflichtet die Klimaneutralit\u00e4t bis 2040 zu unterst\u00fctzen. Dies gelingt nur, wenn auch wir Ma\u00dfnahmen ergreifen, die zur Energiewende beitragen, wie die Installation von PV Anlagen um klimaneutragen Strom zu erzeugen und damit auch die laufenden Kosten der Verwaltung langfristig zu reduzieren. Es wird h\u00f6chste Zeit zu handeln!<\/span><\/p>\n<p lang=\"de-DE\"><span style=\"color: #000000;\">Bis heute waren wir bei diesem Thema n\u00e4mlich alles andere als vorbildlich unterwegs, was auch der von unserem Klimamanager erstellte Energiebericht vom M\u00e4rz 2021 eindr\u00fccklich zeigte.<\/span><\/p>\n<p lang=\"de-DE\"><span style=\"color: #000000;\">Dementsprechend wird auch die CO2 Bilanz der Gemeinde, die unser Klimamanager gerade erstellt, wohl sehr schlecht ausfallen und deutliche Defizite hervorbringen. Auch hier war die Kommune in den vergangenen Jahren nicht sehr vorbildlich unterwegs.<\/span><\/p>\n<p lang=\"de-DE\"><span style=\"color: #000000;\">Mit dem Beschluss schlagen wir zwei Fliegen mit einer Klappe: Wir leisten einen wichtigen \u00f6kologischen Beitrag zu Erreichung der Klimaziele und erwirtschaften dabei auch einen Ertrag f\u00fcr die Kommune, was viel besser ist, als Geld bei den risikoreicheren Privatbanken anzulegen.<\/span><\/p>\n<p lang=\"de-DE\"><span style=\"color: #000000;\">Leider hat die Entscheidung dieses Beschlusses auch einen negativen Aspekt, n\u00e4mlich, dass das B\u00fcrgerengagement durch eine m\u00f6gliche B\u00fcrgerenergiegenossenschaft unter Ber\u00fccksichtigung der wirtschaftlichen Belange damit ausgebremst wird. Dieser Eindruck sollte keinesfalls entstehen.<br \/>\n<\/span><\/p>\n<p class=\"western\" lang=\"de-DE\"><strong><span style=\"color: #000000;\">Wir w\u00fcnschen uns, dass die Gemeinde im Falle der Gr\u00fcndung einer BEG durch die B\u00fcrger einer Beteiligung und Unterst\u00fctzung positiv gegen\u00fcbersteht. Denn die Beteiligung an einer Genossenschaft ist eine alternative Anlageform mit einer attraktiven Rendite von ca. 3-4%. Deshalb w\u00e4re solch ein fr\u00fchzeitiges Signal an die Initiatoren sehr wichtig!<\/span><\/strong><\/p>\n<p class=\"western\" lang=\"de-DE\"><span style=\"color: #000000;\">F\u00fcr die Fraktion B\u00dcNDNIS 90\/DIE GR\u00dcNEN<\/span><\/p>\n<p class=\"western\" lang=\"de-DE\"><span style=\"color: #000000;\">Petra Herter<\/span><\/p>\n<p lang=\"de-DE\">Die Pressemitteilung kann<a href=\"https:\/\/gruene-weissach.de\/wp-content\/uploads\/2021\/06\/PM-Installation-von-PV-Anlagen-auf-kommunalen-Daechern-06.21.pdf\" target=\"_blank\" rel=\"noopener\"> hier heruntergeladen werden<\/a>.<\/p>\n","protected":false},"excerpt":{"rendered":"<p>In der Sitzung des Technischen Ausschusses am 07.06.2021 wurde \u00fcber [&hellip;]<\/p>\n","protected":false},"author":-1,"featured_media":0,"comment_status":"open","ping_status":"closed","sticky":false,"template":"","format":"standard","meta":{"footnotes":""},"categories":[2,1],"tags":[],"class_list":["post-1015","post","type-post","status-publish","format-standard","hentry","category-aktuell","category-allgemein"],"_links":{"self":[{"href":"https:\/\/gruene-weissach.de\/index.php?rest_route=\/wp\/v2\/posts\/1015","targetHints":{"allow":["GET"]}}],"collection":[{"href":"https:\/\/gruene-weissach.de\/index.php?rest_route=\/wp\/v2\/posts"}],"about":[{"href":"https:\/\/gruene-weissach.de\/index.php?rest_route=\/wp\/v2\/types\/post"}],"author":[{"embeddable":true,"href":"https:\/\/gruene-weissach.de\/index.php?rest_route=\/wp\/v2\/users\/1"}],"replies":[{"embeddable":true,"href":"https:\/\/gruene-weissach.de\/index.php?rest_route=%2Fwp%2Fv2%2Fcomments&post=1015"}],"version-history":[{"count":4,"href":"https:\/\/gruene-weissach.de\/index.php?rest_route=\/wp\/v2\/posts\/1015\/revisions"}],"predecessor-version":[{"id":1021,"href":"https:\/\/gruene-weissach.de\/index.php?rest_route=\/wp\/v2\/posts\/1015\/revisions\/1021"}],"wp:attachment":[{"href":"https:\/\/gruene-weissach.de\/index.php?rest_route=%2Fwp%2Fv2%2Fmedia&parent=1015"}],"wp:term":[{"taxonomy":"category","embeddable":true,"href":"https:\/\/gruene-weissach.de\/index.php?rest_route=%2Fwp%2Fv2%2Fcategories&post=1015"},{"taxonomy":"post_tag","embeddable":true,"href":"https:\/\/gruene-weissach.de\/index.php?rest_route=%2Fwp%2Fv2%2Ftags&post=1015"}],"curies":[{"name":"wp","href":"https:\/\/api.w.org\/{rel}","templated":true}]}}