{"id":1026,"date":"2021-07-27T09:54:16","date_gmt":"2021-07-27T07:54:16","guid":{"rendered":"https:\/\/gruene-weissach.de\/?p=1026"},"modified":"2021-07-27T09:54:16","modified_gmt":"2021-07-27T07:54:16","slug":"stellungnahme-zur-neufassung-der-gebuehrenordnung-fuer-kindertageseinrichtungen","status":"publish","type":"post","link":"https:\/\/gruene-weissach.de\/?p=1026","title":{"rendered":"Stellungnahme zur Neufassung der Geb\u00fchrenordnung f\u00fcr Kindertageseinrichtungen"},"content":{"rendered":"<h4 lang=\"de-DE\">Stellungnahme<\/h4>\n<h4 class=\"western\" lang=\"de-DE\"><b>TOP 16: Neufassung der Benutzungs- und Geb\u00fchrensatzung \u00fcber den Besuch der Kindertageseinrichtungen und der Schulkindbetreuung der Gemeinde Weissach zum 01.09.2021<\/b><\/h4>\n<p class=\"western\" lang=\"de-DE\">Auch wenn Geb\u00fchrenerh\u00f6hungen f\u00fcr Kinderbetreuung meist besonders kritisch betrachtet werden, halten wir die jetzt vorgesehene Anpassung um 3 % f\u00fcr vertretbar. Seit 2018 wurden die Geb\u00fchren nicht mehr erh\u00f6ht, im gleichen Zug erfolgten drei Tarifanpassungen im \u00f6ffentlichen Dienst mit insgesamt 5,45 % Steigerung. Wie vom Gemeinderat am 14.06.2021 mehrheitlich beschlossen, gibt es bei k\u00fcnftigen Geb\u00fchrenanpassungen keinen Automatismus mehr. Der Blick auf die soziale Vertr\u00e4glichkeit ist und bleibt uns wichtig.<\/p>\n<p class=\"western\" lang=\"de-DE\">Ebenso begr\u00fc\u00dfen wir die Beibehaltung der familienfreundlichen Geb\u00fchrenstruktur nach Anzahl der Kinder. Dar\u00fcber hinaus ist die Einf\u00fchrung des Teilhabe-Modells ein starkes Signal an die sozial schw\u00e4cheren Familien in unserer Gemeinde. Mit dem Modellprojekt \u201eZubuchoptionen\u201c bietet die Gemeinde berufst\u00e4tigen Eltern ein attraktives und bedarfsgerechtes Angebot an, das zur besseren Vereinbarkeit von Familie und Beruf f\u00fchrt. Wir freuen uns, wenn auch die Flachter Eltern diese moderne Betreuungsoption in absehbarer Zeit nutzen k\u00f6nnen.<\/p>\n<p class=\"western\" lang=\"de-DE\">Bei der \u00dcberarbeitung der Betreuungsmodelle unterst\u00fctzen wir den Vorschlag der Verwaltung, V\u00d635 ohne Mittagessen und GT40 mit Mittagessen strikter zu trennen. Allerdings muss hierbei eine sozial vertr\u00e4gliche L\u00f6sung f\u00fcr diejenigen Eltern gefunden werden, die bisher ein V\u00d635-Modul mit Mittagessen gebucht haben. Daraus resultierende Geb\u00fchrensteigerungen von mehr als 100 % sind in keiner Weise angemessen. Die von der Gemeindeverwaltung initiierte Arbeitsgruppe, hierf\u00fcr gemeinsam, diesmal unter Ber\u00fccksichtigung der Elterninteressen, eine L\u00f6sung zu erarbeiten, unterst\u00fctzen wir ausdr\u00fccklich.<\/p>\n<p class=\"western\" lang=\"de-DE\"><b>Dem vorgelegten Beschlussvorschlag wird die Fraktion B\u00fcndnis 90 \/ Die GR\u00dcNEN zustimmen.<\/b><\/p>\n<p lang=\"de-DE\">Unsere Stellungnahme zum <a href=\"https:\/\/gruene-weissach.de\/wp-content\/uploads\/2021\/07\/Stellungnahme_2021-07-26_GR_Neufassung_Satzung_Kinderbetreuung.pdf\" target=\"_blank\" rel=\"noopener\">Download.<\/a><\/p>\n","protected":false},"excerpt":{"rendered":"<p>Stellungnahme TOP 16: Neufassung der Benutzungs- und Geb\u00fchrensatzung \u00fcber den [&hellip;]<\/p>\n","protected":false},"author":-1,"featured_media":0,"comment_status":"open","ping_status":"closed","sticky":false,"template":"","format":"standard","meta":{"footnotes":""},"categories":[2,1],"tags":[],"class_list":["post-1026","post","type-post","status-publish","format-standard","hentry","category-aktuell","category-allgemein"],"_links":{"self":[{"href":"https:\/\/gruene-weissach.de\/index.php?rest_route=\/wp\/v2\/posts\/1026","targetHints":{"allow":["GET"]}}],"collection":[{"href":"https:\/\/gruene-weissach.de\/index.php?rest_route=\/wp\/v2\/posts"}],"about":[{"href":"https:\/\/gruene-weissach.de\/index.php?rest_route=\/wp\/v2\/types\/post"}],"author":[{"embeddable":true,"href":"https:\/\/gruene-weissach.de\/index.php?rest_route=\/wp\/v2\/users\/1"}],"replies":[{"embeddable":true,"href":"https:\/\/gruene-weissach.de\/index.php?rest_route=%2Fwp%2Fv2%2Fcomments&post=1026"}],"version-history":[{"count":1,"href":"https:\/\/gruene-weissach.de\/index.php?rest_route=\/wp\/v2\/posts\/1026\/revisions"}],"predecessor-version":[{"id":1027,"href":"https:\/\/gruene-weissach.de\/index.php?rest_route=\/wp\/v2\/posts\/1026\/revisions\/1027"}],"wp:attachment":[{"href":"https:\/\/gruene-weissach.de\/index.php?rest_route=%2Fwp%2Fv2%2Fmedia&parent=1026"}],"wp:term":[{"taxonomy":"category","embeddable":true,"href":"https:\/\/gruene-weissach.de\/index.php?rest_route=%2Fwp%2Fv2%2Fcategories&post=1026"},{"taxonomy":"post_tag","embeddable":true,"href":"https:\/\/gruene-weissach.de\/index.php?rest_route=%2Fwp%2Fv2%2Ftags&post=1026"}],"curies":[{"name":"wp","href":"https:\/\/api.w.org\/{rel}","templated":true}]}}