{"id":1036,"date":"2021-08-09T13:08:11","date_gmt":"2021-08-09T11:08:11","guid":{"rendered":"https:\/\/gruene-weissach.de\/?p=1036"},"modified":"2021-08-09T13:09:52","modified_gmt":"2021-08-09T11:09:52","slug":"robert-habeck-kommt-nach-ludwigsburg-am-19-august-um-12-uhr","status":"publish","type":"post","link":"https:\/\/gruene-weissach.de\/?p=1036","title":{"rendered":"Robert Habeck kommt nach Ludwigsburg am 19. August um 12 Uhr"},"content":{"rendered":"<p><strong>Unser Spitzenkandidat und Bundesvorsitzender von B\u00dcNDNIS 90\/DIE GR\u00dcNEN kommt nach Ludwigsburg auf den Rathaushof<\/strong>. Er wird im Rahmen der Wahlkampftour unter dem Motto \u201eBereit, weil ihr es seid\u201c <strong>am Donnerstag, den 19.August um 12 Uhr zusammen mit Dr. Sandra Detzer<\/strong>, Kandidatin f\u00fcr den Wahlkreis Ludwigsburg und Lars Maximilian Schweizer f\u00fcr den Wahlkreis Neckar-Zaber auftreten. Wir m\u00f6chten Sie\/Euch herzlich einladen, diesen Termin vorzumerken.<\/p>\n<p>Ein neues Jahrzehnt braucht neue Politik. Im ganzen Land wachsen Menschen gerade \u00fcber sich hinaus. Einsatzkr\u00e4fte, die uns bei \u00dcberschwemmungen oder Waldbr\u00e4nden mutig sch\u00fctzen. Pflegerinnen und Pfleger, die alles f\u00fcr unsere Gesundheit geben. Unternehmerinnen, die dazu beitragen, klimaneutralen Wohlstand zu schaffen. All diese Menschensind bereit f\u00fcr eine Politik, die die Herausforderungen unserer Zeit anpackt. \u00dcber die Ideen, wie wir durch Ver\u00e4nderung Halt schaffen, m\u00f6chten Annalena Baerbock und Robert Habeck im Rahmen ihrer Sommertour in den kommenden Wochen mit B\u00fcrgerinnen und B\u00fcrgern im ganzen Land ins Gespr\u00e4ch kommen.<\/p>\n<p><strong>Nutzen Sie diese Gelegenheit, unseren Spitzenkandidat Robert Habeck zu sehen und zu h\u00f6ren.<\/strong><\/p>\n<p>Abgerundet wird das B\u00fchnen Programm von dem Ludwigsburger Trio VINOZ: Mit Akkordeon, Posaune und E-Bass einmal um die ganze Welt.<\/p>\n<p><a href=\"https:\/\/gruene-weissach.de\/wp-content\/uploads\/2021\/08\/2021_2-Robert-Habeck_Presse_Urban-Zintel-scaled.jpg\"><img loading=\"lazy\" decoding=\"async\" class=\"alignleft size-medium wp-image-1039\" src=\"https:\/\/gruene-weissach.de\/wp-content\/uploads\/2021\/08\/2021_2-Robert-Habeck_Presse_Urban-Zintel-400x267.jpg\" alt=\"\" width=\"400\" height=\"267\" srcset=\"https:\/\/gruene-weissach.de\/wp-content\/uploads\/2021\/08\/2021_2-Robert-Habeck_Presse_Urban-Zintel-400x267.jpg 400w, https:\/\/gruene-weissach.de\/wp-content\/uploads\/2021\/08\/2021_2-Robert-Habeck_Presse_Urban-Zintel-800x533.jpg 800w, https:\/\/gruene-weissach.de\/wp-content\/uploads\/2021\/08\/2021_2-Robert-Habeck_Presse_Urban-Zintel-768x512.jpg 768w, https:\/\/gruene-weissach.de\/wp-content\/uploads\/2021\/08\/2021_2-Robert-Habeck_Presse_Urban-Zintel-1536x1024.jpg 1536w, https:\/\/gruene-weissach.de\/wp-content\/uploads\/2021\/08\/2021_2-Robert-Habeck_Presse_Urban-Zintel-2048x1365.jpg 2048w, https:\/\/gruene-weissach.de\/wp-content\/uploads\/2021\/08\/2021_2-Robert-Habeck_Presse_Urban-Zintel-150x100.jpg 150w\" sizes=\"auto, (max-width: 400px) 100vw, 400px\" \/><\/a><\/p>\n<p>&nbsp;<\/p>\n<p>&nbsp;<\/p>\n<p>&nbsp;<\/p>\n<p>&nbsp;<\/p>\n<p>&nbsp;<\/p>\n<p>&nbsp;<\/p>\n<p>&nbsp;<\/p>\n<p>&nbsp;<\/p>\n<p><a href=\"https:\/\/gruene-weissach.de\/wp-content\/uploads\/2021\/08\/Screenshot-2021-08-09-at-13-05-55-Wofuer-wir-kaempfen.png\"><img loading=\"lazy\" decoding=\"async\" class=\"alignleft size-medium wp-image-1038\" src=\"https:\/\/gruene-weissach.de\/wp-content\/uploads\/2021\/08\/Screenshot-2021-08-09-at-13-05-55-Wofuer-wir-kaempfen-400x116.png\" alt=\"\" width=\"400\" height=\"116\" srcset=\"https:\/\/gruene-weissach.de\/wp-content\/uploads\/2021\/08\/Screenshot-2021-08-09-at-13-05-55-Wofuer-wir-kaempfen-400x116.png 400w, https:\/\/gruene-weissach.de\/wp-content\/uploads\/2021\/08\/Screenshot-2021-08-09-at-13-05-55-Wofuer-wir-kaempfen-800x232.png 800w, https:\/\/gruene-weissach.de\/wp-content\/uploads\/2021\/08\/Screenshot-2021-08-09-at-13-05-55-Wofuer-wir-kaempfen-768x223.png 768w, https:\/\/gruene-weissach.de\/wp-content\/uploads\/2021\/08\/Screenshot-2021-08-09-at-13-05-55-Wofuer-wir-kaempfen-150x44.png 150w, https:\/\/gruene-weissach.de\/wp-content\/uploads\/2021\/08\/Screenshot-2021-08-09-at-13-05-55-Wofuer-wir-kaempfen.png 1085w\" sizes=\"auto, (max-width: 400px) 100vw, 400px\" \/><\/a><\/p>\n","protected":false},"excerpt":{"rendered":"<p>Unser Spitzenkandidat und Bundesvorsitzender von B\u00dcNDNIS 90\/DIE GR\u00dcNEN kommt nach [&hellip;]<\/p>\n","protected":false},"author":-1,"featured_media":0,"comment_status":"open","ping_status":"closed","sticky":false,"template":"","format":"standard","meta":{"footnotes":""},"categories":[2,1],"tags":[],"class_list":["post-1036","post","type-post","status-publish","format-standard","hentry","category-aktuell","category-allgemein"],"_links":{"self":[{"href":"https:\/\/gruene-weissach.de\/index.php?rest_route=\/wp\/v2\/posts\/1036","targetHints":{"allow":["GET"]}}],"collection":[{"href":"https:\/\/gruene-weissach.de\/index.php?rest_route=\/wp\/v2\/posts"}],"about":[{"href":"https:\/\/gruene-weissach.de\/index.php?rest_route=\/wp\/v2\/types\/post"}],"author":[{"embeddable":true,"href":"https:\/\/gruene-weissach.de\/index.php?rest_route=\/wp\/v2\/users\/1"}],"replies":[{"embeddable":true,"href":"https:\/\/gruene-weissach.de\/index.php?rest_route=%2Fwp%2Fv2%2Fcomments&post=1036"}],"version-history":[{"count":2,"href":"https:\/\/gruene-weissach.de\/index.php?rest_route=\/wp\/v2\/posts\/1036\/revisions"}],"predecessor-version":[{"id":1040,"href":"https:\/\/gruene-weissach.de\/index.php?rest_route=\/wp\/v2\/posts\/1036\/revisions\/1040"}],"wp:attachment":[{"href":"https:\/\/gruene-weissach.de\/index.php?rest_route=%2Fwp%2Fv2%2Fmedia&parent=1036"}],"wp:term":[{"taxonomy":"category","embeddable":true,"href":"https:\/\/gruene-weissach.de\/index.php?rest_route=%2Fwp%2Fv2%2Fcategories&post=1036"},{"taxonomy":"post_tag","embeddable":true,"href":"https:\/\/gruene-weissach.de\/index.php?rest_route=%2Fwp%2Fv2%2Ftags&post=1036"}],"curies":[{"name":"wp","href":"https:\/\/api.w.org\/{rel}","templated":true}]}}