{"id":1045,"date":"2021-08-15T23:08:47","date_gmt":"2021-08-15T21:08:47","guid":{"rendered":"https:\/\/gruene-weissach.de\/?p=1045"},"modified":"2021-08-15T23:08:47","modified_gmt":"2021-08-15T21:08:47","slug":"die-eltern-sind-noch-laengst-nicht-wuetend-genug","status":"publish","type":"post","link":"https:\/\/gruene-weissach.de\/?p=1045","title":{"rendered":"&#8222;Die Eltern sind noch l\u00e4ngst nicht w\u00fctend genug&#8220;"},"content":{"rendered":"<h4>Die Spiegel Kolumne zum letzten IPCC Klimabericht mit dem Titel &#8222;Die Eltern sind noch l\u00e4ngst nicht w\u00fctend genug&#8220; bringt es auf den Punkt: Wenn die K\u00fcche brennt, geht der CDU Kanzlerkandidat Armin Laschet erst mal ins Wohnzimmer zum Fernsehen, um sich abzulenken&#8230;<\/h4>\n<h4>Die lesenswerte Spiegel Kolumne kann <a href=\"https:\/\/www.spiegel.de\/wissenschaft\/mensch\/klima-bericht-die-eltern-sind-noch-laengst-nicht-wuetend-genug-kolumne-a-45e019e9-a5f2-4185-97d8-f9083c343e5e?fbclid=IwAR2bbpMC9eU1gFeQDNtD1YfzUx6a3XzIcR9L3vitj8n2K_dBJoLCt-vaD28\" target=\"_blank\" rel=\"noopener\">hier<\/a> gelesen werden.<\/h4>\n<p>&nbsp;<\/p>\n","protected":false},"excerpt":{"rendered":"<p>Die Spiegel Kolumne zum letzten IPCC Klimabericht mit dem Titel [&hellip;]<\/p>\n","protected":false},"author":-1,"featured_media":0,"comment_status":"open","ping_status":"closed","sticky":false,"template":"","format":"standard","meta":{"footnotes":""},"categories":[2,1],"tags":[],"class_list":["post-1045","post","type-post","status-publish","format-standard","hentry","category-aktuell","category-allgemein"],"_links":{"self":[{"href":"https:\/\/gruene-weissach.de\/index.php?rest_route=\/wp\/v2\/posts\/1045","targetHints":{"allow":["GET"]}}],"collection":[{"href":"https:\/\/gruene-weissach.de\/index.php?rest_route=\/wp\/v2\/posts"}],"about":[{"href":"https:\/\/gruene-weissach.de\/index.php?rest_route=\/wp\/v2\/types\/post"}],"author":[{"embeddable":true,"href":"https:\/\/gruene-weissach.de\/index.php?rest_route=\/wp\/v2\/users\/1"}],"replies":[{"embeddable":true,"href":"https:\/\/gruene-weissach.de\/index.php?rest_route=%2Fwp%2Fv2%2Fcomments&post=1045"}],"version-history":[{"count":1,"href":"https:\/\/gruene-weissach.de\/index.php?rest_route=\/wp\/v2\/posts\/1045\/revisions"}],"predecessor-version":[{"id":1046,"href":"https:\/\/gruene-weissach.de\/index.php?rest_route=\/wp\/v2\/posts\/1045\/revisions\/1046"}],"wp:attachment":[{"href":"https:\/\/gruene-weissach.de\/index.php?rest_route=%2Fwp%2Fv2%2Fmedia&parent=1045"}],"wp:term":[{"taxonomy":"category","embeddable":true,"href":"https:\/\/gruene-weissach.de\/index.php?rest_route=%2Fwp%2Fv2%2Fcategories&post=1045"},{"taxonomy":"post_tag","embeddable":true,"href":"https:\/\/gruene-weissach.de\/index.php?rest_route=%2Fwp%2Fv2%2Ftags&post=1045"}],"curies":[{"name":"wp","href":"https:\/\/api.w.org\/{rel}","templated":true}]}}