{"id":1051,"date":"2021-09-07T17:18:14","date_gmt":"2021-09-07T15:18:14","guid":{"rendered":"https:\/\/gruene-weissach.de\/?p=1051"},"modified":"2021-09-07T17:18:14","modified_gmt":"2021-09-07T15:18:14","slug":"ueberfraktioneller-antrag-zur-akteneinsicht-ueber-alle-geldanlagen-der-gemeinde","status":"publish","type":"post","link":"https:\/\/gruene-weissach.de\/?p=1051","title":{"rendered":"\u00dcberfraktioneller Antrag zur Akteneinsicht \u00fcber alle Geldanlagen der Gemeinde"},"content":{"rendered":"<h4>\u00dcberfraktioneller Antrag von UL und Gr\u00fcne vom 6. September 2021<\/h4>\n<p><strong>Stellungnahme aller Fraktionen zur Akteneinsicht gem. \u00a724 Abs. 3b GemO<\/strong><br \/>\n<strong>vom 21.04.2021\u201c \u00fcber alle Geldanlagen der Gemeinde Weissach seit 2018\u201c und zun\u00e4chst nicht\u00f6ffentliche Beschlussfassung im Gemeinderat am 18.10.2021<\/strong><br \/>\n<strong>Die Fraktion B\u00fcndnis 90\/Die Gr\u00fcnen und die Fraktion Unabh\u00e4ngige Liste beantragen:<\/strong><br \/>\n<strong>\u2022 Die an der Akteneisicht teilnehmenden Fraktionen m\u00f6gen jeweils eine schriftliche Stellungnahme zur Akteneinsicht am 21.04.2021 bis zum 11.10.2021 abgeben.<\/strong><br \/>\n<strong>\u2022 Die Information und Beratung \u00fcber die Stellungsnahmen innerhalb des gesamten Gemeinderatsgremiums in nicht \u00f6ffentlicher Gemeinderatssitzung am 18.10.2021.<\/strong><br \/>\n<strong>\u2022 Die Beratung und Beschlussfassung \u00fcber das weitere Vorgehen im Zusammenhang mit den Berichten und Ergebnissen zur Akteneinsicht.<\/strong><\/p>\n<p>Begr\u00fcndung:<br \/>\nZur Thematik der Geldanlagen hat am 21.04.2021 eine Akteneinsicht der Fraktionen mit jeweils zwei Vertretern je Fraktion stattgefunden.<br \/>\nBisher wurden die Ergebnisse hieraus weder dem gesamten Gremium noch der Verwaltung vorgestellt, bzw. die Ergebnisse der Fraktionen in einen Bericht zusammengef\u00fchrt. Auch eine Schlussbesprechung der Teilnehmer der Akteneinsicht hat bis heute nicht stattgefunden, was unseres Erachtens zwingend notwendig gewesen w\u00e4re. Bis heute wurden zur Akteneinsicht keine abschlie\u00dfenden Stellungnahmen ab-gegeben. Dies halten wir sehr wichtig, insbesondere auch die Schlussfolgerungen, welche hieraus abzuleiten sind. Im zweiten Schritt ist es folgerichtig, auch die \u00d6ffent-lichkeit im Sinne einer transparenten und vollst\u00e4ndigen Kommunikation und im Hin-blick auf den Anspruch des Informationsrechts einer m\u00fcndigen B\u00fcrgerschaft gerecht zu werden, \u00fcber die Ergebnisse der Akteneinsicht in \u00f6ffentlicher Sitzung zu informieren.<\/p>\n<p>F\u00fcr die Gemeinderatsfraktionen B\u00dcNDNIS 90\/DIE GR\u00dcNEN und Unabh\u00e4ngige Liste<br \/>\nPetra Herter, Pierre Michael, Barbara Fauth, Dr. Angelika Br\u00fcmmer<br \/>\nSusanne Herrmann, Adelheid Streckfuss, Horst Klink und Daniel Weeber<\/p>\n<p>&nbsp;<\/p>\n","protected":false},"excerpt":{"rendered":"<p>\u00dcberfraktioneller Antrag von UL und Gr\u00fcne vom 6. September 2021 [&hellip;]<\/p>\n","protected":false},"author":-1,"featured_media":0,"comment_status":"open","ping_status":"closed","sticky":false,"template":"","format":"standard","meta":{"footnotes":""},"categories":[2,1],"tags":[],"class_list":["post-1051","post","type-post","status-publish","format-standard","hentry","category-aktuell","category-allgemein"],"_links":{"self":[{"href":"https:\/\/gruene-weissach.de\/index.php?rest_route=\/wp\/v2\/posts\/1051","targetHints":{"allow":["GET"]}}],"collection":[{"href":"https:\/\/gruene-weissach.de\/index.php?rest_route=\/wp\/v2\/posts"}],"about":[{"href":"https:\/\/gruene-weissach.de\/index.php?rest_route=\/wp\/v2\/types\/post"}],"author":[{"embeddable":true,"href":"https:\/\/gruene-weissach.de\/index.php?rest_route=\/wp\/v2\/users\/1"}],"replies":[{"embeddable":true,"href":"https:\/\/gruene-weissach.de\/index.php?rest_route=%2Fwp%2Fv2%2Fcomments&post=1051"}],"version-history":[{"count":1,"href":"https:\/\/gruene-weissach.de\/index.php?rest_route=\/wp\/v2\/posts\/1051\/revisions"}],"predecessor-version":[{"id":1052,"href":"https:\/\/gruene-weissach.de\/index.php?rest_route=\/wp\/v2\/posts\/1051\/revisions\/1052"}],"wp:attachment":[{"href":"https:\/\/gruene-weissach.de\/index.php?rest_route=%2Fwp%2Fv2%2Fmedia&parent=1051"}],"wp:term":[{"taxonomy":"category","embeddable":true,"href":"https:\/\/gruene-weissach.de\/index.php?rest_route=%2Fwp%2Fv2%2Fcategories&post=1051"},{"taxonomy":"post_tag","embeddable":true,"href":"https:\/\/gruene-weissach.de\/index.php?rest_route=%2Fwp%2Fv2%2Ftags&post=1051"}],"curies":[{"name":"wp","href":"https:\/\/api.w.org\/{rel}","templated":true}]}}