{"id":1053,"date":"2021-09-07T17:22:47","date_gmt":"2021-09-07T15:22:47","guid":{"rendered":"https:\/\/gruene-weissach.de\/?p=1053"},"modified":"2021-09-07T17:23:24","modified_gmt":"2021-09-07T15:23:24","slug":"aenderungsantrag-erhebung-wohnraumpotentiale-und-foerderprogramm","status":"publish","type":"post","link":"https:\/\/gruene-weissach.de\/?p=1053","title":{"rendered":"\u00c4nderungsantrag Erhebung Wohnraumpotentiale und F\u00f6rderprogramm &#8222;Fl\u00e4chen gewinnen&#8220;"},"content":{"rendered":"<h4>\u00c4nderungsantrag Erhebung Wohnraumpotentiale und Teilnahme am F\u00f6rderprogramm \u201eFl\u00e4chen gewinnen\u201c zu unserem Antrag vom 25.07.2021<\/h4>\n<p>Wir beantragen,<br \/>\n1. dass die Verwaltung bis zur Haushaltsklausur im Herbst die Leerst\u00e4nde sowie Wohnraumpotentiale der beiden Ortsteile erhebt und auswertet und dem Ge-meinderat im Rahmen der Haushaltsberatungen vorstellt und \u00fcber ein weiteres Vorgehen ber\u00e4t.<br \/>\n2. Dass die Gemeinde Weissach einen Antrag auf Zuschuss f\u00fcr eine Teilzeitstelle (50%) \u201eFl\u00e4chenmanager\/-in\u201c Rahmen des F\u00f6rderprogramms \u201eFl\u00e4chen gewinnen\u201c des Ministeriums f\u00fcr Landesentwicklung und Wohnen f\u00fcr das Jahr 2022 stellt.<\/p>\n<p>Dies begr\u00fcnden wir wie folgt:<br \/>\nZu 1.:<br \/>\nBereits 2015 hat die Firma \u00d6kokonsult einen sehr interessanten Bericht zu Demographie und Immobilien f\u00fcr Weissach 2015-2030 erstellt. Dieser Bericht wurde dem Gemeinderat in \u00f6f-fentlicher Sitzung am 20.07.2015 vorgestellt.<br \/>\nDarin enthalten sind aufschlussreichen Informationen zur Bev\u00f6lkerungsentwicklung, Entwick-lung der Altersstruktur und Entwicklung der Wohnraumpotentiale inklusive Leerstandserhe-bung. Bis heute hat die Gemeinde keine Aktivit\u00e4ten aus dieser Erhebung entwickelt.<br \/>\nDas Ergebnis der Erhebung in K\u00fcrze:<br \/>\n\u2022 Ende 2014 standen 137 Wohngeb\u00e4ude (6,4%) leer.<br \/>\n\u2022 Bis 2025 werden 83 Wohngeb\u00e4ude k\u00fcnftig leer stehen, da der j\u00fcngste Bewohner 2015 80 Jahre war<br \/>\n\u2022 Bis 2030 werden weitere 285 Wohngeb\u00e4ude (13,3%) leer stehen, da der j\u00fcngste Be-wohner dieser Geb\u00e4ude 2015 70 Jahre alt war.<br \/>\n\u2022 In Summe ergibt sich ein Wohnraumpotential von 368 Wohngeb\u00e4uden + Leerstand 137 Wohngeb\u00e4ude!<\/p>\n<p>Unabh\u00e4ngig des Ausgangs des B\u00fcrgerentscheides halten wir es f\u00fcr wichtig, insbesondere mit Blick auf die weitere Nutzung von Innenentwicklungspotentialen und der damit einhergehenden Verbesserung der Fl\u00e4cheneffizienz, einen aktuellen \u00dcberblick \u00fcber die Leest\u00e4nde und das potentiell entstehende Angebot aufgrund der Altersstruktur der Wohnbev\u00f6lkerung bis 2040 und die Nachfrage zu erhalten. Deshalb ist es angebracht, die o.g. Zahlen fortzuschreiben. <strong>Nach R\u00fccksprache mit \u00d6konsult, wurde der Verwaltung 2015 mit dem Auftrag ein Tool zur Verf\u00fcgung gestellt, damit diese die Erhebungen zuk\u00fcnftig, ohne gro\u00dfe Personal- und Zeitressourcen selbst\u00e4ndig machen kann.<\/strong><\/p>\n<p>Zu 2.:<br \/>\nDie Herausforderung der Siedlungsentwicklung f\u00fcr Weissach auch im Rahmen der Eigenent-wicklung besteht darin, alles daf\u00fcr zu tun, derzeitige und zuk\u00fcnftig entstehende Leest\u00e4nde wieder zu belegen und f\u00fcr junge Familien ein Wohnungsangebot zu schaffen.<br \/>\nGleichzeitig, ist es dringend notwendig, ein Angebot von seniorengerechtem Wohnraum in zentralen Lagen zu schaffen, der ein selbst\u00e4ndiges Leben in W\u00fcrde erm\u00f6glicht.<br \/>\nDieses Angebot ist in unserer Gemeinde v\u00f6llig unzureichend vorhanden.<br \/>\nEs ist daher eine gro\u00dfe Aufgabe und Herausforderung hierf\u00fcr zeitnah Quartiere zu entwi-ckeln und zu schaffen. Damit ergibt sich weiteres Potential im Innenentwicklungsbereich, der dem Wohnraumbedarf aller Altersgruppen<br \/>\ngerecht wird. Akquirierung der Leest\u00e4nde, die Vermittlung der Wohnraumpotentiale sowie die Quartiersentwicklung seniorengerechtes Wohnen ist eine sehr umfassende und zeitintensive Aufgabe, welche die Verwaltung nicht so einfach nebenher mit bew\u00e4ltigen kann.<br \/>\nDaf\u00fcr bedarf es eines sog. Fl\u00e4chenmanagers, der sich ausschlie\u00dflich um die vorgenannten Aufgaben k\u00fcmmert. Wir sehen hier Potential f\u00fcr eine Teilzeitstelle bis 50%, die im Rahmen eines F\u00f6rderprogrammes zun\u00e4chst f\u00fcr zwei Jahre mit 50% bezuschusst wird.<br \/>\n<strong>\u00dcber diese Thematik soll im Rahmen der Haushaltsklausur im Herbst 2021 beraten werden.<\/strong><\/p>\n<p>Wir sehen dringenden Handlungsbedarf, dies mit Nachdruck voranzutreiben und halten den Antrag f\u00fcr eine wichtige und zukunftsweisende Entscheidung. Es ist ein zwingend erforderlicher Schritt in die richtige Richtung einer modernen, kommunalen Wohnraumpolitik.<\/p>\n<p>Mit freundlichen Gr\u00fc\u00dfen<br \/>\nF\u00fcr die Gemeinderatsfraktion<br \/>\nPetra Herter<\/p>\n","protected":false},"excerpt":{"rendered":"<p>\u00c4nderungsantrag Erhebung Wohnraumpotentiale und Teilnahme am F\u00f6rderprogramm \u201eFl\u00e4chen gewinnen\u201c zu [&hellip;]<\/p>\n","protected":false},"author":-1,"featured_media":0,"comment_status":"open","ping_status":"closed","sticky":false,"template":"","format":"standard","meta":{"footnotes":""},"categories":[2,1],"tags":[],"class_list":["post-1053","post","type-post","status-publish","format-standard","hentry","category-aktuell","category-allgemein"],"_links":{"self":[{"href":"https:\/\/gruene-weissach.de\/index.php?rest_route=\/wp\/v2\/posts\/1053","targetHints":{"allow":["GET"]}}],"collection":[{"href":"https:\/\/gruene-weissach.de\/index.php?rest_route=\/wp\/v2\/posts"}],"about":[{"href":"https:\/\/gruene-weissach.de\/index.php?rest_route=\/wp\/v2\/types\/post"}],"author":[{"embeddable":true,"href":"https:\/\/gruene-weissach.de\/index.php?rest_route=\/wp\/v2\/users\/1"}],"replies":[{"embeddable":true,"href":"https:\/\/gruene-weissach.de\/index.php?rest_route=%2Fwp%2Fv2%2Fcomments&post=1053"}],"version-history":[{"count":2,"href":"https:\/\/gruene-weissach.de\/index.php?rest_route=\/wp\/v2\/posts\/1053\/revisions"}],"predecessor-version":[{"id":1055,"href":"https:\/\/gruene-weissach.de\/index.php?rest_route=\/wp\/v2\/posts\/1053\/revisions\/1055"}],"wp:attachment":[{"href":"https:\/\/gruene-weissach.de\/index.php?rest_route=%2Fwp%2Fv2%2Fmedia&parent=1053"}],"wp:term":[{"taxonomy":"category","embeddable":true,"href":"https:\/\/gruene-weissach.de\/index.php?rest_route=%2Fwp%2Fv2%2Fcategories&post=1053"},{"taxonomy":"post_tag","embeddable":true,"href":"https:\/\/gruene-weissach.de\/index.php?rest_route=%2Fwp%2Fv2%2Ftags&post=1053"}],"curies":[{"name":"wp","href":"https:\/\/api.w.org\/{rel}","templated":true}]}}