{"id":1063,"date":"2021-10-09T21:14:49","date_gmt":"2021-10-09T19:14:49","guid":{"rendered":"https:\/\/gruene-weissach.de\/?p=1063"},"modified":"2021-10-09T21:14:49","modified_gmt":"2021-10-09T19:14:49","slug":"stellungnahme-zum-antrag-akteneinsicht-gr-sitzung-20-09-2021","status":"publish","type":"post","link":"https:\/\/gruene-weissach.de\/?p=1063","title":{"rendered":"Stellungnahme zum Antrag Akteneinsicht  &#8211; GR-Sitzung 20.09.2021"},"content":{"rendered":"<p class=\"western\"><span style=\"font-family: Arial, sans-serif;\"><span style=\"font-size: medium;\">Gemeinsam mit der UL haben wir am 28.03. diesen Jahres eine Antrag auf Akteneinsicht \u00fcber alle Geldanlagen der Gemeinde Weissach seit 2018 gestellt.<\/span><\/span><\/p>\n<p class=\"western\"><span style=\"font-family: Arial, sans-serif;\"><span style=\"font-size: medium;\">Dem vorausgegangen war Anfang M\u00e4rz die Greensillpleite von der unsere Gemeinde mit einer hohen Summe betroffen ist. <\/span><\/span><\/p>\n<p class=\"western\"><span style=\"font-family: Arial, sans-serif;\"><span style=\"font-size: medium;\">Die Akteneinsicht fand am 21.04.201 mit je zwei Vertretern pro F<\/span><\/span><span style=\"font-family: Arial, sans-serif;\"><span style=\"font-size: medium;\">r<\/span><\/span><span style=\"font-family: Arial, sans-serif;\"><span style=\"font-size: medium;\">aktion statt.Jeder konnte sich \u00fcber mehrere Stunden die Akten der Verwaltung mit den Geldanlagen anschauen. Alle Unterlagen hierzu wurden uns von der Verwaltung vorgelegt, so dass wir uns ein umfassendes Bild machen konnten. Die Verwaltung stand f\u00fcr Fragen jederzeit zur Verf\u00fcgung.<\/span><\/span><\/p>\n<p class=\"western\"><span style=\"font-family: Arial, sans-serif;\"><span style=\"font-size: medium;\">Dass wir keinen Fragen gestellt haben, lag daran, dass wir die begrenzte Zeit nutzen wollten, die umfangreichen Unterlagen m\u00f6glichst komplett und intensiv durchzuschauen. Sie sehen es uns deshalb bitte nach, dass wir keine Fragen stellten. Es lag vielleicht aber auch daran, dass Herr Michael und ich von der Thematik berufsbedingt nicht ganz unbedarft sind.<\/span><\/span><\/p>\n<p><span style=\"font-family: Arial, sans-serif;\"><span style=\"font-size: medium;\">Bisher wurden die Ergebnisse hieraus weder dem gesamten Gremium noch der Verwaltung vorgestellt, bzw. die Ergebnisse der Fraktionen in einen Bericht zusammengef\u00fchrt. <\/span><\/span><\/p>\n<p><span style=\"font-family: Arial, sans-serif;\"><span style=\"font-size: medium;\">Auch eine Schlussbesprechung der Teilnehmer der Akteneinsicht hat bis heute nicht stattgefunden, was unseres Erachtens zwingend notwendig ist.<\/span><\/span><\/p>\n<p><span style=\"font-family: Arial, sans-serif;\"><span style=\"font-size: medium;\">Bis heute wurden zur Akteneinsicht keine abschlie\u00dfenden Stellungnahmen abgegeben. Dies halten wir sehr wichtig, insbesondere auch die Schlussfolgerungen, welche hieraus abzuleiten sind. <\/span><\/span><\/p>\n<p><span style=\"font-family: Arial, sans-serif;\"><span style=\"font-size: medium;\">Im zweiten Schritt ist es folgerichtig, auch die \u00d6ffentlichkeit im Sinne einer transparenten und vollst\u00e4ndigen Kommunikation und im Hinblick auf den Anspruch des Informationsrechts einer m\u00fcndigen B\u00fcrgerschaft gerecht zu werden, \u00fcber die Ergebnisse der Akteneinsicht in \u00f6ffentlicher Sitzung zu informieren.<\/span><\/span><\/p>\n<p><span style=\"font-family: Arial, sans-serif;\"><span style=\"font-size: medium;\">Petra Herter<br \/>\nGr\u00fcne Fraktion <\/span><\/span><\/p>\n<p>&nbsp;<\/p>\n","protected":false},"excerpt":{"rendered":"<p>Gemeinsam mit der UL haben wir am 28.03. diesen Jahres [&hellip;]<\/p>\n","protected":false},"author":-1,"featured_media":0,"comment_status":"open","ping_status":"closed","sticky":false,"template":"","format":"standard","meta":{"footnotes":""},"categories":[2,1],"tags":[],"class_list":["post-1063","post","type-post","status-publish","format-standard","hentry","category-aktuell","category-allgemein"],"_links":{"self":[{"href":"https:\/\/gruene-weissach.de\/index.php?rest_route=\/wp\/v2\/posts\/1063","targetHints":{"allow":["GET"]}}],"collection":[{"href":"https:\/\/gruene-weissach.de\/index.php?rest_route=\/wp\/v2\/posts"}],"about":[{"href":"https:\/\/gruene-weissach.de\/index.php?rest_route=\/wp\/v2\/types\/post"}],"author":[{"embeddable":true,"href":"https:\/\/gruene-weissach.de\/index.php?rest_route=\/wp\/v2\/users\/1"}],"replies":[{"embeddable":true,"href":"https:\/\/gruene-weissach.de\/index.php?rest_route=%2Fwp%2Fv2%2Fcomments&post=1063"}],"version-history":[{"count":1,"href":"https:\/\/gruene-weissach.de\/index.php?rest_route=\/wp\/v2\/posts\/1063\/revisions"}],"predecessor-version":[{"id":1064,"href":"https:\/\/gruene-weissach.de\/index.php?rest_route=\/wp\/v2\/posts\/1063\/revisions\/1064"}],"wp:attachment":[{"href":"https:\/\/gruene-weissach.de\/index.php?rest_route=%2Fwp%2Fv2%2Fmedia&parent=1063"}],"wp:term":[{"taxonomy":"category","embeddable":true,"href":"https:\/\/gruene-weissach.de\/index.php?rest_route=%2Fwp%2Fv2%2Fcategories&post=1063"},{"taxonomy":"post_tag","embeddable":true,"href":"https:\/\/gruene-weissach.de\/index.php?rest_route=%2Fwp%2Fv2%2Ftags&post=1063"}],"curies":[{"name":"wp","href":"https:\/\/api.w.org\/{rel}","templated":true}]}}