{"id":1065,"date":"2021-10-09T21:16:15","date_gmt":"2021-10-09T19:16:15","guid":{"rendered":"https:\/\/gruene-weissach.de\/?p=1065"},"modified":"2021-10-09T21:16:15","modified_gmt":"2021-10-09T19:16:15","slug":"klimaleitbild-weissach-stellungnahme-gr-sitzung-20-09-2021","status":"publish","type":"post","link":"https:\/\/gruene-weissach.de\/?p=1065","title":{"rendered":"Klimaleitbild Weissach &#8211; Stellungnahme GR Sitzung 20.09.2021"},"content":{"rendered":"<p class=\"western\" lang=\"de-DE\"><span style=\"color: #282e21;\"><span style=\"font-size: large;\">Zun\u00e4chst m\u00f6chte ich festhalten, dass ich die Vorgehensweise bei der Erstellung des Klimaleitbildes sehr gut fand. <\/span><\/span><\/p>\n<p class=\"western\" lang=\"de-DE\"><span style=\"color: #282e21;\"><span style=\"font-size: large;\">Mir hat gut gefallen, dass dieses vor ab in eine Arbeitsgruppe mit einzelnen Fraktionsmitgliedern vor besprochen und vor beraten wurde. <\/span><\/span><\/p>\n<p class=\"western\" lang=\"de-DE\"><span style=\"color: #282e21;\"><span style=\"font-size: large;\">Unser Klimaschutzmanager hatte uns bereits einen sehr guten Entwurf vorbereitet und jede Fraktion konnte sich noch einbringen und nach R\u00fccksprache in den einzelnen Fraktionen weitere \u00c4nderungsw\u00fcnsche mitteilen. <\/span><\/span><\/p>\n<p class=\"western\" lang=\"de-DE\"><span style=\"color: #282e21;\"><span style=\"font-size: large;\">Besonders finde ich im Gegensatz zu vielen anderen Klima Leitbildern, die relativ allgemein formuliert sind, dass wir bei unserem Klimaleitbild sehr konkret werden und klare, einzelne Ziele formuliert haben, die messbar sind und damit die Zielerreichung \u00fcberpr\u00fcfbar.<\/span><\/span><\/p>\n<p class=\"western\" lang=\"de-DE\"><span style=\"color: #282e21;\"><span style=\"font-size: large;\">Eigentlich m\u00fcssten, aufgrund der angepassten und noch ehrgeizigeren Vorgaben der neuen Landesregierung die Ziele bereits nochmals nach oben korrigiert werden. Unser Augenmerk sollte deshalb darauf liegen, unsere angestrebten Ziele m\u00f6glichst zu \u00fcbertreffen.<\/span><\/span><\/p>\n<p class=\"western\" lang=\"de-DE\"><span style=\"color: #282e21;\"><span style=\"font-size: large;\">Fakt ist, dass besser gestellte Kommunen auch eine h\u00f6here Verpflichtung haben.<\/span><\/span><\/p>\n<p class=\"western\" lang=\"de-DE\"><span style=\"color: #282e21;\"><span style=\"font-size: large;\">Aber mit diesem Klimaleitbild zeigen wir, dass wir uns mit der wichtigsten und herausforderndsten Aufgabe, dem Klimaschutz annehmen.<\/span><\/span><\/p>\n<p class=\"western\" lang=\"de-DE\"><span style=\"color: #282e21;\"><span style=\"font-size: large;\">Dem uns heute vorliegenden Klimaleitbild k\u00f6nnen wir in vollem Umfang zustimmen. <\/span><\/span><\/p>\n<p class=\"western\" lang=\"de-DE\"><span style=\"color: #282e21;\"><span style=\"font-size: large;\">Zuletzt ein herzliches Dankesch\u00f6n an Herrn Karczag und Herrn B\u00fcrkle f\u00fcr die gute Vorlage und Vorgehensweise.<\/span><\/span><\/p>\n<p class=\"western\" lang=\"de-DE\"><span style=\"color: #282e21;\"><span style=\"font-size: large;\">Petra Herter<br \/>\nGemeinder\u00e4tin<\/span><\/span><\/p>\n","protected":false},"excerpt":{"rendered":"<p>Zun\u00e4chst m\u00f6chte ich festhalten, dass ich die Vorgehensweise bei der [&hellip;]<\/p>\n","protected":false},"author":-1,"featured_media":0,"comment_status":"open","ping_status":"closed","sticky":false,"template":"","format":"standard","meta":{"footnotes":""},"categories":[2,1],"tags":[],"class_list":["post-1065","post","type-post","status-publish","format-standard","hentry","category-aktuell","category-allgemein"],"_links":{"self":[{"href":"https:\/\/gruene-weissach.de\/index.php?rest_route=\/wp\/v2\/posts\/1065","targetHints":{"allow":["GET"]}}],"collection":[{"href":"https:\/\/gruene-weissach.de\/index.php?rest_route=\/wp\/v2\/posts"}],"about":[{"href":"https:\/\/gruene-weissach.de\/index.php?rest_route=\/wp\/v2\/types\/post"}],"author":[{"embeddable":true,"href":"https:\/\/gruene-weissach.de\/index.php?rest_route=\/wp\/v2\/users\/1"}],"replies":[{"embeddable":true,"href":"https:\/\/gruene-weissach.de\/index.php?rest_route=%2Fwp%2Fv2%2Fcomments&post=1065"}],"version-history":[{"count":1,"href":"https:\/\/gruene-weissach.de\/index.php?rest_route=\/wp\/v2\/posts\/1065\/revisions"}],"predecessor-version":[{"id":1066,"href":"https:\/\/gruene-weissach.de\/index.php?rest_route=\/wp\/v2\/posts\/1065\/revisions\/1066"}],"wp:attachment":[{"href":"https:\/\/gruene-weissach.de\/index.php?rest_route=%2Fwp%2Fv2%2Fmedia&parent=1065"}],"wp:term":[{"taxonomy":"category","embeddable":true,"href":"https:\/\/gruene-weissach.de\/index.php?rest_route=%2Fwp%2Fv2%2Fcategories&post=1065"},{"taxonomy":"post_tag","embeddable":true,"href":"https:\/\/gruene-weissach.de\/index.php?rest_route=%2Fwp%2Fv2%2Ftags&post=1065"}],"curies":[{"name":"wp","href":"https:\/\/api.w.org\/{rel}","templated":true}]}}