{"id":1076,"date":"2021-12-20T09:40:14","date_gmt":"2021-12-20T08:40:14","guid":{"rendered":"https:\/\/gruene-weissach.de\/?p=1076"},"modified":"2021-12-20T09:40:14","modified_gmt":"2021-12-20T08:40:14","slug":"neues-aus-der-gemeinderatsarbeit","status":"publish","type":"post","link":"https:\/\/gruene-weissach.de\/?p=1076","title":{"rendered":"Neues aus der Gemeinderatsarbeit"},"content":{"rendered":"<p><span style=\"color: #282e21;\"><span style=\"font-family: Arial, serif;\">Liebe Mitb\u00fcrgerinnen und Mitb\u00fcrger,<\/span><\/span><\/p>\n<p><span style=\"color: #282e21;\"><span style=\"font-family: Arial, serif;\">Weihnachten 2021 naht schon bald. Damit neigt sich bereits das zweite, anstrengende Coronajahr dem Ende zu. Wer h\u00e4tte gedacht, dass wir ein weiteres Weihnachten mit solch massiven Einschr\u00e4nkungen erleben m\u00fcssen? Auch 2022 werden wir weiter Durchhalte-verm\u00f6gen und Geduld brauchen. Bei all dem ist es sehr wichtig, Zusammenhalt und Solidarit\u00e4t niemals aus dem Blick zu verlieren. <\/span><\/span><\/p>\n<p><span style=\"color: #282e21;\"><span style=\"font-family: Arial, serif;\">Trotz der Einschr\u00e4nkungen hat sich in unserer Gemeinde im letzten Jahr einiges bewegt. <\/span><\/span><\/p>\n<p><span style=\"color: #282e21;\"><span style=\"font-family: Arial, serif;\">Wir laden Sie deshalb nun auf eine kleine Themenreise durch unser kommunalpolitisches Jahr ein. <\/span><\/span><\/p>\n<p><span style=\"color: #282e21;\"><span style=\"font-family: Arial, serif;\">Im Fr\u00fchjahr nahm das <\/span><\/span><span style=\"color: #282e21;\"><span style=\"font-family: Arial, serif;\"><b>Thema Klimaschutz<\/b><\/span><\/span><span style=\"color: #282e21;\"><span style=\"font-family: Arial, serif;\"> durch unseren neuen Klimaschutzmanager Fahrt auf. Ein echter Gewinn! Der 1.Energiebericht f\u00fcr die Gemeinde wurde uns vorgestellt und zeigt in allen Bereichen enorme Einsparpotentiale. Durch ein aktives Energiemanagement k\u00f6nnen die Energiekosten erheblich reduziert werden und damit auch die CO2 Emissionen. Im Juni <\/span><\/span><span style=\"color: #000000;\"><span style=\"font-family: Arial, serif;\">wurde mit einem Grundsatzbeschluss entschieden, den Ausbau der PV-Anlagen auf kommunalen D\u00e4chern vorantreiben. Das begr\u00fc\u00dft unsere Fraktion! Sehen wir dies <\/span><\/span><span style=\"font-family: Arial, serif;\"><span style=\"color: #000000;\">finanziell und \u00f6kologisch als eine h\u00f6chst lukrative Anlageform, die gute Renditen erwarten lassen. <\/span><\/span><span style=\"color: #282e21;\"><span style=\"font-family: Arial, serif;\">Im Herbst haben wir ein Klimaleitbild f\u00fcr unsere Gemeinde beschlossen. <\/span><\/span><span style=\"color: #282e21;\"><span style=\"font-family: Arial, serif;\">Damit zeigen wir, dass wir uns der wichtigsten und herausforderndsten Aufgabe, dem Klimaschutz annehmen. Hier gilt es weiter dran zu bleiben!<\/span><\/span><\/p>\n<p><span style=\"color: #282e21;\"><span style=\"font-family: Arial, serif;\">Das <\/span><\/span><span style=\"color: #282e21;\"><span style=\"font-family: Arial, serif;\"><b>Thema Geldanlagen<\/b><\/span><\/span><span style=\"color: #282e21;\"><span style=\"font-family: Arial, serif;\"> besch\u00e4ftigte uns in diesem Jahr au\u00dferordentlich. <\/span><\/span><\/p>\n<p><span style=\"color: #282e21;\"><span style=\"font-family: Arial, serif;\">Die im Januar mehrheitlich beschlossene, ge\u00e4nderte Anlagenrichtlinie hat unsere Fraktion abgelehnt. Die Stellungnahme dazu k\u00f6nnen Sie auf unserer Homepage nachlesen.<\/span><\/span><\/p>\n<p><span style=\"color: #282e21;\"><span style=\"font-family: Arial, serif;\">Anfang M\u00e4rz ereilte uns beim Thema Geldanlagen eine erschreckende Nachricht. Die Greensill Bank, bei der rd. 16,5 Mio. Euro des Verm\u00f6gens angelegt waren, hat Insolvenz angemeldet. Durch den Antrag eines Sachstandsberichts, einer Sondersitzung und einer Akteneinsicht haben wir umgehend darauf reagiert. Wir setzen weiter auf vollst\u00e4ndige Transparenz und Kommunikation in dieser Sache. Die Ergebnisse der Akteneinsicht und Rechtsgutachten m\u00fcssen deshalb in einer \u00f6ffentlichen Sondersitzung vorgestellt werden. <\/span><\/span><\/p>\n<p><span style=\"color: #282e21;\"><span style=\"font-family: Arial, serif;\">Hierzu haben wir einen entsprechenden Antrag gestellt. Dies soll m\u00f6glichst im Fr\u00fchjahr 2022 geschehen. Wir halten es f\u00fcr zwingend, danach die Anlagenrichtlinie zu \u00fcberarbeiten. Auch brauchen wir einen Strategiewechsel bei der Anlagenpolitik und damit eine Neuausrichtung der Anlagenstrategie \u2013 nach dem Grundsatz: Sicherheit vor Ertrag. Hier haben wir klare Vorstellungen, f\u00fcr die wir uns im kommenden Jahr einsetzen werden, denn ein weiter so darf es in keinem Fall geben.<\/span><\/span><\/p>\n<p><span style=\"color: #282e21;\"><span style=\"font-family: Arial, serif;\">Auch unser <\/span><\/span><span style=\"color: #282e21;\"><span style=\"font-family: Arial, serif;\"><b>Leuchtturmprojekt, die Entwicklung der Ortsmitte Weissach<\/b><\/span><\/span><span style=\"color: #282e21;\"><span style=\"font-family: Arial, serif;\"> ging in die n\u00e4chste Phase.<\/span><\/span><span style=\"color: #282e21;\"><span style=\"font-family: Arial, serif;\"> F\u00fcnf Architekturb\u00fcros haben Ihre Entw\u00fcrfe vorgestellt.<\/span><\/span><\/p>\n<p><span style=\"color: #282e21;\"><span style=\"font-family: Arial, serif;\">Der Siegerentwurf hat allgemein gro\u00dfen Anklang gefunden. Er besticht vor allem durch die Offenlegung des Strudelbachs und eine ver\u00e4nderte Verkehrsf\u00fchrung. Dazu soll der Marktplatz verlegt werden und um das Backh\u00e4uschen eine gr\u00fcne Insel, durchzogen von Wasserspielen, geplant werden. F\u00fcr die Lebensqualit\u00e4t der Anlieger und auch im Sinne der vorhandenen bzw. k\u00fcnftigen Einzelhandelsgesch\u00e4fte und Gastronomie ist die Verlegung des Verkehrs aus der Ortsmitte und dennoch direkte Anbindung an den \u00f6ffentlichen Nahverkehr wichtig. Wir setzen auf ein Konzept, bei dem der \u00f6ffentliche Nahverkehr, aber auch Fu\u00dfg\u00e4nger und Fahrradfahrer st\u00e4rker als bisher einbezogen werden. Die Gedanken eines Mehrgenerationenhauses gef\u00e4llt uns sehr gut. Planen ist das eine, Umsetzen das andere. Vor kurzem hat sich der Gemeinderat nochmals mit dem Siegervorschlag intensiv besch\u00e4ftigt \u2013 denn jetzt geht es an die Feinheiten.<\/span><\/span><\/p>\n<p><span style=\"color: #282e21;\"><span style=\"font-family: Arial, serif;\">2021 gab es noch ein ungew\u00f6hnliches Ereignis \u2013 ein B\u00fcrgerentscheid zum <\/span><\/span><span style=\"color: #282e21;\"><span style=\"font-family: Arial, serif;\"><b>Thema Wohngebiet am Graben,<\/b><\/span><\/span><span style=\"color: #282e21;\"><span style=\"font-family: Arial, serif;\"> ja oder nein, hat uns alle besch\u00e4ftigt, jedoch mit einem klaren Ergebnis. Wichtig f\u00fcr uns war, bei einem Thema dieser Tragweite, die M\u00f6glichkeit der demokratischen Mitbestimmung aller B\u00fcrger*innen. Aber es gibt Alternativen die es angegangen werden m\u00fcssen. Die Innenentwicklung muss weiter, mit bedarfsorientiertem Angebot forciert werden. Jetzt gilt mit Nachdruck Leerst\u00e4nde<\/span><\/span><span style=\"color: #333333;\"><span style=\"font-family: Arial, serif;\"> zu aquirieren, Wohnraumpotentiale zu nutzen und zu entwickeln, sowie eine Quartiersentwicklung seniorengerechtes Wohnen voranzutreiben um dem Bedarf gerecht zu werden. Denn auch uns ist die Schaffung von Wohnraum insbesondere auch bezahlbarem Wohnraum sehr wichtig. Hier m\u00fcssen wir \u201eZukunft\u201c einfach neu denken. Daf\u00fcr setzen wir uns ein! Einen Antrag hierzu haben wir bereits eingebracht. Dies muss auch ein Hauptthema der Haushaltsklausur 2022 sein. <\/span><\/span><\/p>\n<p><span style=\"color: #333333;\"><span style=\"font-family: Arial, serif;\">Beim <\/span><\/span><span style=\"color: #333333;\"><span style=\"font-family: Arial, serif;\"><b>Thema der Neufassung der Geb\u00fchrenordnung unserer Kindertagesst\u00e4tten<\/b><\/span><\/span><span style=\"color: #333333;\"><span style=\"font-family: Arial, serif;\"> konnten wir durch den Vorschlag unserer Fraktion erreichen, dass die notwendige Erh\u00f6hung in zwei Stufen erfolgt und damit f\u00fcr die Familien vertr\u00e4glicher wird. Auch die Modellvarianten konnten optimiert werden.<\/span><\/span> <span style=\"color: #333333;\"><span style=\"font-family: Arial, serif;\">Mit einem Modellprojekt \u201eZubuchoptionen\u201c bietet die Gemeinde nun berufst\u00e4tigen Eltern ein attraktives und bedarfsgerechtes Angebot an, das zur besseren Vereinbarkeit von Familie und Beruf f\u00fchrt.<\/span><\/span><\/p>\n<p><span style=\"color: #333333;\"><span style=\"font-family: Arial, serif;\">Wir freuen uns mit vielen B\u00fcrger*innen, dass wir den <\/span><\/span><span style=\"color: #333333;\"><span style=\"font-family: Arial, serif;\"><b>Erhalt eines Brunnens in der Bergstra\u00dfe in Flacht<\/b><\/span><\/span><span style=\"color: #333333;\"><span style=\"font-family: Arial, serif;\"> erreichen konnten, trotz schwierigen Diskussionen. Tragen doch genau solch ortspr\u00e4gende Ecken und Highlights dazu bei, den d\u00f6rflichen Charakter zu erhalten. Wir freuen uns schon darauf!<\/span><\/span><\/p>\n<p><span style=\"color: #333333;\"><span style=\"font-family: Arial, serif;\">Das <\/span><\/span><span style=\"color: #333333;\"><span style=\"font-family: Arial, serif;\"><b>Thema Personalsituation in der Verwaltung <\/b><\/span><\/span><span style=\"color: #333333;\"><span style=\"font-family: Arial, serif;\">sehen wir schon das ganze Jahr mit gro\u00dfer Sorge. Es ist uns bewusst, dass dadurch sehr wichtige Projekte, wie z.B. Starkregenrisikomanagement (wir m\u00fcssen uns dringend auf die Klimaver\u00e4nderungen vorbereiten) und einiges mehr, nicht so umgesetzt werden k\u00f6nnen, wie erforderlich. Das ist bedenklich. Darauf m\u00fcssen wir zuk\u00fcnftig mehr Augenmerk legen. <\/span><\/span><\/p>\n<p><span style=\"color: #282e21;\"><span style=\"font-family: Arial, serif;\">Auch 2022 stehen wir vor weiteren, gro\u00dfen Herausforderungen, die wir mit Tatkraft und Engagement bew\u00e4ltigen m\u00f6chten. Mit der anstehenden B\u00fcrgermeisterwahl erwartet uns im neuen Jahr spannendes Ereignis in unserer Gemeinde.<\/span><\/span><\/p>\n<p><span style=\"color: #282e21;\"><span style=\"font-family: Arial, serif;\">Bleibt uns, Ihnen allen sch\u00f6ne Feiertrage zu w\u00fcnschen. G\u00f6nnen Sie sich etwas Ruhe und Entspannung in dieser schwierigen Zeit. Kommen Sie gut in\u2019s neue Jahr. Ihnen allen alles Gute und vier G\u2019s f\u00fcr 2022: Geduld, Gelassenheit, Gl\u00fcck und Gesundheit!<\/span><\/span><\/p>\n<p><span style=\"color: #282e21;\"><span style=\"font-family: Arial, serif;\">Herzlichst<\/span><\/span><\/p>\n<p><span style=\"color: #282e21;\"><span style=\"font-family: Arial, serif;\">Petra Herter, Pierre Michael, Barbara Fauth und Dr. Angelika Br\u00fcmmer<\/span><\/span><\/p>\n<p>&nbsp;<\/p>\n","protected":false},"excerpt":{"rendered":"<p>Liebe Mitb\u00fcrgerinnen und Mitb\u00fcrger, Weihnachten 2021 naht schon bald. Damit [&hellip;]<\/p>\n","protected":false},"author":-1,"featured_media":0,"comment_status":"open","ping_status":"closed","sticky":false,"template":"","format":"standard","meta":{"footnotes":""},"categories":[2,1],"tags":[],"class_list":["post-1076","post","type-post","status-publish","format-standard","hentry","category-aktuell","category-allgemein"],"_links":{"self":[{"href":"https:\/\/gruene-weissach.de\/index.php?rest_route=\/wp\/v2\/posts\/1076","targetHints":{"allow":["GET"]}}],"collection":[{"href":"https:\/\/gruene-weissach.de\/index.php?rest_route=\/wp\/v2\/posts"}],"about":[{"href":"https:\/\/gruene-weissach.de\/index.php?rest_route=\/wp\/v2\/types\/post"}],"author":[{"embeddable":true,"href":"https:\/\/gruene-weissach.de\/index.php?rest_route=\/wp\/v2\/users\/1"}],"replies":[{"embeddable":true,"href":"https:\/\/gruene-weissach.de\/index.php?rest_route=%2Fwp%2Fv2%2Fcomments&post=1076"}],"version-history":[{"count":1,"href":"https:\/\/gruene-weissach.de\/index.php?rest_route=\/wp\/v2\/posts\/1076\/revisions"}],"predecessor-version":[{"id":1077,"href":"https:\/\/gruene-weissach.de\/index.php?rest_route=\/wp\/v2\/posts\/1076\/revisions\/1077"}],"wp:attachment":[{"href":"https:\/\/gruene-weissach.de\/index.php?rest_route=%2Fwp%2Fv2%2Fmedia&parent=1076"}],"wp:term":[{"taxonomy":"category","embeddable":true,"href":"https:\/\/gruene-weissach.de\/index.php?rest_route=%2Fwp%2Fv2%2Fcategories&post=1076"},{"taxonomy":"post_tag","embeddable":true,"href":"https:\/\/gruene-weissach.de\/index.php?rest_route=%2Fwp%2Fv2%2Ftags&post=1076"}],"curies":[{"name":"wp","href":"https:\/\/api.w.org\/{rel}","templated":true}]}}