{"id":1078,"date":"2021-12-20T09:42:47","date_gmt":"2021-12-20T08:42:47","guid":{"rendered":"https:\/\/gruene-weissach.de\/?p=1078"},"modified":"2021-12-20T09:42:47","modified_gmt":"2021-12-20T08:42:47","slug":"gr-sitzung-am-13-12-21-beschluss-zum-regiorad","status":"publish","type":"post","link":"https:\/\/gruene-weissach.de\/?p=1078","title":{"rendered":"GR Sitzung am 13.12.21 &#8211; Beschluss zum Regiorad"},"content":{"rendered":"<p class=\"western\" lang=\"de-DE\"><span style=\"color: #333333;\"><b>Stellungnahme zum Antrag der Unabh\u00e4ngigen Liste \u2013Regiorad- <\/b><\/span><\/p>\n<p class=\"western\" lang=\"de-DE\"><span style=\"color: #333333;\"><b>Gemeinderatssitzung vom 13.12.2021<\/b><\/span><\/p>\n<ul>\n<li>\n<p lang=\"de-DE\"><span style=\"color: #333333;\">Die ablehnenden Begr\u00fcndungen der Verwaltung in dieser Sache sind f\u00fcr uns nicht nachvollziehbar.<\/span><\/p>\n<\/li>\n<\/ul>\n<ul>\n<li>\n<p lang=\"de-DE\"><span style=\"color: #333333;\">Mit dem Regiorad schaffen wir ein kosteng\u00fcnstiges und flexibles Fahrrad und Pedelecverleihsystem vor Ort mit vielen M\u00f6glichkeiten.<\/span><\/p>\n<\/li>\n<\/ul>\n<ul>\n<li>\n<p lang=\"de-DE\"><span style=\"color: #333333;\">In Zeiten einer dringend erforderlichen Mobilit\u00e4tsver\u00e4nderung eine gute und wichtige Sache finden wir, denn die F\u00f6rderung des Fahrradverkehr ist nicht zuletzt eine effektive Ma\u00dfnahme zum Klimaschutz<\/span><\/p>\n<\/li>\n<\/ul>\n<ul>\n<li>\n<p lang=\"de-DE\"><span style=\"color: #373c40;\">Als Kommune sollten wir alles daf\u00fcr tun, die Mobilit\u00e4tswende mitzugestalten.<\/span><\/p>\n<\/li>\n<li>\n<p lang=\"de-DE\"><span style=\"color: #373c40;\">Daf\u00fcr m\u00fcssen wir Angebote schaffen wie dieses.<\/span><\/p>\n<\/li>\n<li>\n<p lang=\"de-DE\"><span style=\"color: #373c40;\">Nur wenn wir Angebote schaffen und vorhalten, k\u00f6nnen wir die Nachfrage wecken.<\/span><\/p>\n<\/li>\n<\/ul>\n<ul>\n<li>\n<p lang=\"de-DE\"><span style=\"color: #373c40;\">Und jedes Fahrrad das mehr unterwegs ist, ist ein Auto weniger auf der Stra\u00dfe!<\/span><\/p>\n<\/li>\n<\/ul>\n<ul>\n<li>\n<p lang=\"de-DE\"><span style=\"color: #373c40;\">Die f\u00fcr die Gemeinde verbleibenden Kosten nach F\u00f6rderung halten wir f\u00fcr absolut \u00fcberschaubar.<\/span><\/p>\n<\/li>\n<\/ul>\n<ul>\n<li>\n<p lang=\"de-DE\"><span style=\"color: #373c40;\">Damit unterst\u00fctzen wir aber auch, dass das RegioRad Netz erweitert und ausgebaut wird, &#8211; ein wichtiger Aspekt, denn je besser die Vernetzung und die M\u00f6glichkeiten desto attraktiver wird das Angebot und damit auch die Nachfrage und Nutzung.<\/span><\/p>\n<\/li>\n<\/ul>\n<ul>\n<li>\n<p lang=\"de-DE\"><span style=\"color: #373c40;\">Insbesondere auch die Vernetzung von Weissach zu den umliegenden Kommunen, die bereits \u00fcberwiegend solche Stationen vorhalten, halten wir f\u00fcr sehr wichtig und erh\u00f6ht die regionale Attraktivit\u00e4t f\u00fcr die B\u00fcrgerinnen und B\u00fcrger.<\/span><\/p>\n<\/li>\n<\/ul>\n<ul>\n<li>\n<p lang=\"de-DE\"><span style=\"color: #373c40;\">\u00dcbrigens profitieren alle Poligo VVS Karteninhaber mit einem speziellen, g\u00fcnstigeren Tarif f\u00fcr die Leihe.<\/span><\/p>\n<\/li>\n<li>\n<p lang=\"de-DE\"><span style=\"color: #333333;\">Im \u00dcbrigen gibt es auch Kommunen ohne S-Bahn-Anschluss, die am RegioRad Netz teilnehmen.<\/span><\/p>\n<\/li>\n<\/ul>\n<ul>\n<li>\n<p lang=\"de-DE\"><span style=\"color: #373c40;\">Wir sind der Meinung, er w\u00e4re ein Gewinn f\u00fcr unsere Gemeinde, dieses Angebot vor Ort zu schaffen. Die Chance m\u00fcssen wir nutzen.<\/span><\/p>\n<\/li>\n<li>\n<p lang=\"de-DE\"><span style=\"color: #373c40;\">Deshalb ja zum Regiorad in Weissach!<\/span><\/p>\n<\/li>\n<\/ul>\n<ul>\n<li>\n<p lang=\"de-DE\"><span style=\"color: #373c40;\">Dem vorliegenden Beschlussvorschlag der Verwaltung, den Antrag der UL abzulehnen, k\u00f6nnen wir nicht zustimmen.<\/span><\/p>\n<\/li>\n<li>\n<p lang=\"de-DE\" align=\"justify\"><span style=\"color: #333333;\"><b>Der Gemeinderat hat in der Sitzung mit knapper Mehrheit (7JA\/7 NEIN\/ 1 ENTHALTUNG) den Antrag der Verwaltung abgelehnt.<\/b><\/span><\/p>\n<\/li>\n<li>\n<p lang=\"de-DE\" align=\"justify\"><span style=\"color: #333333;\"><b>Dies bedeutet, dass der Antrag der Unabh\u00e4ngigen Liste angenommen wurde und dass Weissach und Flacht je eine RegioRad Station bekommen.<\/b><\/span><\/p>\n<\/li>\n<\/ul>\n","protected":false},"excerpt":{"rendered":"<p>Stellungnahme zum Antrag der Unabh\u00e4ngigen Liste \u2013Regiorad- Gemeinderatssitzung vom 13.12.2021 [&hellip;]<\/p>\n","protected":false},"author":-1,"featured_media":0,"comment_status":"open","ping_status":"closed","sticky":false,"template":"","format":"standard","meta":{"footnotes":""},"categories":[2,1],"tags":[],"class_list":["post-1078","post","type-post","status-publish","format-standard","hentry","category-aktuell","category-allgemein"],"_links":{"self":[{"href":"https:\/\/gruene-weissach.de\/index.php?rest_route=\/wp\/v2\/posts\/1078","targetHints":{"allow":["GET"]}}],"collection":[{"href":"https:\/\/gruene-weissach.de\/index.php?rest_route=\/wp\/v2\/posts"}],"about":[{"href":"https:\/\/gruene-weissach.de\/index.php?rest_route=\/wp\/v2\/types\/post"}],"author":[{"embeddable":true,"href":"https:\/\/gruene-weissach.de\/index.php?rest_route=\/wp\/v2\/users\/1"}],"replies":[{"embeddable":true,"href":"https:\/\/gruene-weissach.de\/index.php?rest_route=%2Fwp%2Fv2%2Fcomments&post=1078"}],"version-history":[{"count":1,"href":"https:\/\/gruene-weissach.de\/index.php?rest_route=\/wp\/v2\/posts\/1078\/revisions"}],"predecessor-version":[{"id":1079,"href":"https:\/\/gruene-weissach.de\/index.php?rest_route=\/wp\/v2\/posts\/1078\/revisions\/1079"}],"wp:attachment":[{"href":"https:\/\/gruene-weissach.de\/index.php?rest_route=%2Fwp%2Fv2%2Fmedia&parent=1078"}],"wp:term":[{"taxonomy":"category","embeddable":true,"href":"https:\/\/gruene-weissach.de\/index.php?rest_route=%2Fwp%2Fv2%2Fcategories&post=1078"},{"taxonomy":"post_tag","embeddable":true,"href":"https:\/\/gruene-weissach.de\/index.php?rest_route=%2Fwp%2Fv2%2Ftags&post=1078"}],"curies":[{"name":"wp","href":"https:\/\/api.w.org\/{rel}","templated":true}]}}