{"id":1131,"date":"2022-02-10T12:05:51","date_gmt":"2022-02-10T11:05:51","guid":{"rendered":"https:\/\/gruene-weissach.de\/?p=1131"},"modified":"2022-02-10T16:11:31","modified_gmt":"2022-02-10T15:11:31","slug":"aufzeichnung-jetzt-online-%f0%9f%a6%a0-webinar-corona-pandemie-oder-endemie-wie-geht-es-2022-weiter","status":"publish","type":"post","link":"https:\/\/gruene-weissach.de\/?p=1131","title":{"rendered":"Aufzeichnung jetzt online! \ud83e\udda0 Webinar &#8222;Corona: Pandemie oder Endemie \u2013 Wie geht es 2022 weiter?&#8220;"},"content":{"rendered":"<p><strong>Eine wirklich lohnenswerte Aufzeichnung!<\/strong><\/p>\n<p>&#8222;Vielen Dank, an alle, die gestern live dabei waren und nochmal Danke f\u00fcr die vielen Fragen in der Diskussionsrunde. Wir freuen uns schon auf die n\u00e4chste Veranstaltung.<\/p>\n<p>Falls Sie die Veranstaltung verpasst haben oder die Vortr\u00e4ge nochmal in Ruhe anschauen wollen, finden Sie hier die Aufzeichnung. Gerne k\u00f6nnen Sie den Link auch teilen, damit noch mehr Menschen diese wichtigen Informationen aus der Wissenschaft und direkt aus den Krankenh\u00e4usern bekommen.<\/p>\n<p><a id=\"LPlnk985793\" class=\"OWAAutoLink\" href=\"https:\/\/www.youtube.com\/watch?v=RgVWEuGqBbs&amp;list=PLbk18iV_zcoypM9h_BnIun6mKWMxZU-eF&amp;index=2\" target=\"_blank\" rel=\"noopener\">https:\/\/www.youtube.com\/watch?v=RgVWEuGqBbs&amp;list=PLbk18iV_zcoypM9h_BnIun6mKWMxZU-eF&amp;index=2<\/a><\/p>\n<p>Mit europ\u00e4ischen Gr\u00fc\u00dfen<\/p>\n<p>Jutta Paulus&#8220;<\/p>\n<p>&nbsp;<\/p>\n<p>&nbsp;<\/p>\n","protected":false},"excerpt":{"rendered":"<p>Eine wirklich lohnenswerte Aufzeichnung! &#8222;Vielen Dank, an alle, die gestern [&hellip;]<\/p>\n","protected":false},"author":-1,"featured_media":1132,"comment_status":"open","ping_status":"closed","sticky":false,"template":"","format":"standard","meta":{"footnotes":""},"categories":[2,1],"tags":[],"class_list":["post-1131","post","type-post","status-publish","format-standard","has-post-thumbnail","hentry","category-aktuell","category-allgemein"],"_links":{"self":[{"href":"https:\/\/gruene-weissach.de\/index.php?rest_route=\/wp\/v2\/posts\/1131","targetHints":{"allow":["GET"]}}],"collection":[{"href":"https:\/\/gruene-weissach.de\/index.php?rest_route=\/wp\/v2\/posts"}],"about":[{"href":"https:\/\/gruene-weissach.de\/index.php?rest_route=\/wp\/v2\/types\/post"}],"author":[{"embeddable":true,"href":"https:\/\/gruene-weissach.de\/index.php?rest_route=\/wp\/v2\/users\/1"}],"replies":[{"embeddable":true,"href":"https:\/\/gruene-weissach.de\/index.php?rest_route=%2Fwp%2Fv2%2Fcomments&post=1131"}],"version-history":[{"count":4,"href":"https:\/\/gruene-weissach.de\/index.php?rest_route=\/wp\/v2\/posts\/1131\/revisions"}],"predecessor-version":[{"id":1155,"href":"https:\/\/gruene-weissach.de\/index.php?rest_route=\/wp\/v2\/posts\/1131\/revisions\/1155"}],"wp:featuredmedia":[{"embeddable":true,"href":"https:\/\/gruene-weissach.de\/index.php?rest_route=\/wp\/v2\/media\/1132"}],"wp:attachment":[{"href":"https:\/\/gruene-weissach.de\/index.php?rest_route=%2Fwp%2Fv2%2Fmedia&parent=1131"}],"wp:term":[{"taxonomy":"category","embeddable":true,"href":"https:\/\/gruene-weissach.de\/index.php?rest_route=%2Fwp%2Fv2%2Fcategories&post=1131"},{"taxonomy":"post_tag","embeddable":true,"href":"https:\/\/gruene-weissach.de\/index.php?rest_route=%2Fwp%2Fv2%2Ftags&post=1131"}],"curies":[{"name":"wp","href":"https:\/\/api.w.org\/{rel}","templated":true}]}}