{"id":1146,"date":"2022-02-10T15:38:15","date_gmt":"2022-02-10T14:38:15","guid":{"rendered":"https:\/\/gruene-weissach.de\/?p=1146"},"modified":"2022-02-11T16:40:18","modified_gmt":"2022-02-11T15:40:18","slug":"buchen-kahlschlag-im-stahlbuehlwald","status":"publish","type":"post","link":"https:\/\/gruene-weissach.de\/?p=1146","title":{"rendered":"Buchen Kahlschlag im Stahlb\u00fchlwald"},"content":{"rendered":"<p>Viele besorgte B\u00fcrger*innen haben sich in den letzten Tagen bei uns gemeldet, weil sie die <strong>zahlreichen gef\u00e4llten Buchenst\u00e4mme im Stahlb\u00fchlwald<\/strong> gesehen haben. Die \u00fcberwiegende Mehrzahl der B\u00e4ume sehen gesund aus, daher ist es unverst\u00e4ndlich, warum diese gef\u00e4llt wurden. Die pauschale Begr\u00fcndung, dass die B\u00e4ume gesch\u00e4digt seien und aus Gr\u00fcnden der Verkehrssicherung gef\u00e4llt werden mussten, wollen wir nicht mehr hinnehmen.<\/p>\n<p><strong>Unser sch\u00f6ner Stahlb\u00fchlwald wird immer weniger und die B\u00fcrger*innen fragen sich, wohin das noch f\u00fchren wird.<\/strong><\/p>\n<p>Wir ver\u00f6ffentlichen hier unsere Antwort auf die B\u00fcrgeranfragen:<\/p>\n<p>Herzlichen Dank f\u00fcr Ihre Mail und die Informationen und Ihr Interesse an unserem Gemeindewald. Wir sind genau so entsetzt \u00fcber diese Tatsache, wie Sie.<\/p>\n<p>Ja, in der Tat, wissen wir darum, dass es im Stahlb\u00fchlwald gelinde gesagt &#8222;sehr schlimm&#8220; aussieht. Das sieht eigentlich jeder Spazierg\u00e4nger, der mit offenen Augen dort durchgeht. Sie d\u00fcrfen versichert sein, dass auch uns dies wirklich Sorgen bereitet und wir mit der aktuellen Situation keinesfalls zufrieden sind und diese so mittragen.<\/p>\n<p>Grundlage f\u00fcr die Waldbewirtschaftung ist der Forsteinrichtungsplan des Gemeindewaldes der immer auf zehn Jahre festgeschrieben ist. Dieser wurde 2016 neu erstellt und gilt bis 2026.<br \/>\nDazu gibt es den j\u00e4hrlichen Forstbetriebsplan der im Dezember vorgestellt wurde. Hier wurde das Zahlenwerk 2021 und die Planung f\u00fcr 2022 vorgestellt.<\/p>\n<p>So soll der Einschlag laufender Festmeter gegen\u00fcber 2021 um 600 fm auf 3.000 reduziert werden. Allerdings wurde uns mitgeteilt, dass auch f\u00fcr 2022 kein regul\u00e4rer Einschlag geplant ist, sondern aufgrund des Klimawandels und witterungsbedingten Ereignissen diese Menge ausschlie\u00dflich mit Schadholz gef\u00e4llt werden soll. Dies wurde so auch im Finanz- und Verwaltungsausschuss so kommuniziert. Dem scheint aber wohl nicht so zu sein, wenn man Ihre Fotos betrachtet. Man sieht neben Schadholz doch einige B\u00e4ume die gesund sind und keinesfalls h\u00e4tten gef\u00e4llt werden d\u00fcrfen, auch nicht, um nur mit dem Harvester dorthin zu kommen, wo weitere Einschl\u00e4ge geplant sind. Dies ist auch f\u00fcr uns absolut inakzeptabel.<\/p>\n<p>Seit kurzem ist f\u00fcr unseren Gemeindewald von Seiten des Landratsamts Frau Radlinger zust\u00e4ndig, von der wir einen guten Eindruck gewinnen konnten, auch im Hinblick auf eine zuk\u00fcnftig \u00f6kologischere und nachhaltigere Waldbewirtschaftung. Ich m\u00f6chte Sie bitten und ermuntern, dass auch Sie als B\u00fcrger, auf die Verwaltung zugehen und Ihren Umut \u00e4u\u00dfern. Wir halten es f\u00fcr wichtig, dass nicht nur wir Gemeinder\u00e4te hier Kritik aus\u00fcben, sondern deutlich wird, dass die B\u00fcrger hier wachsam sind und sehr kritisch betrachten, wie mit dem Waldumgegangen wird.<\/p>\n<p><strong>Wenn es nach unserer Fraktion geht, gibt es zuk\u00fcnftig keinerlei Einschlag mehr und das Ziel muss eine \u00f6kologische Waldbewirtschaftung sein nach dem Motto &#8222;weniger ist mehr&#8220;. Hierzu bedarf es allerdings eines neuen Konzeptes<\/strong>. Als Beispiel k\u00f6nnte hier das L\u00fcbecker Stadtwaldkonzept dienen, in welchem wirtschaftliche Nutzung und Naturschutz in Einklang gebracht werden.<\/p>\n<p>Allerdings haben wir als Fraktion lediglich vier Stimmen von zwanzig, und bei solchen Entscheidungen fehlt es leider einfach an Mehrheiten f\u00fcr einen solchen erforderlichen Umbruch. Aber ein weiter so, wie wir es gerade erleben, kann und darf es eigentlich im Hinblick auf den stark fortschreitenden Klimawandel nicht geben.<\/p>\n<p><strong>Aber wir werden uns weiter mit Engagement und Kraft f\u00fcr eine \u00f6kologische Waldbewirtschaftung unseres Gemeindewaldes einsetzen,<\/strong> das kann ich Ihnen versichern. Wir haben gelernt, dass alles lange dauert, manchmal sehr z\u00e4h ist und man viel Geduld, Kraft und \u00dcberzeugungsarbeit ben\u00f6tigt, um kleine Erfolge zu erzielen.<\/p>\n<p>Die zahlreichen R\u00fcckmeldungen lassen erahnen, dass sehr viele B\u00fcrgerinnen und B\u00fcrger \u00e4u\u00dferst unzufrieden mit der Waldbewirtschaftung in unserer Gemeinde sind.<\/p>\n<p>Wir denken, aus unseren Zeilen ist klar, dass unserer Fraktion der Wald, insbesondere auch der Stahlb\u00fchlwald, sehr am Herzen liegt.<br \/>\nDie Entwicklung ist sehr frustrierend und unbefriedigend. <strong>Deshalb wird sich unsere Gemeinderatsfraktion f\u00fcr eine Ver\u00e4nderung in dieser Sache einsetzen.<\/strong><\/p>\n<p>Hier noch einige Fotos aus dem Stahlb\u00fchlwald vom 8. Februar 2022:<\/p>\n<p><a href=\"https:\/\/gruene-weissach.de\/wp-content\/uploads\/2022\/02\/20220208_152417-fhd.jpg\"><img loading=\"lazy\" decoding=\"async\" class=\"alignleft size-medium wp-image-1134\" src=\"https:\/\/gruene-weissach.de\/wp-content\/uploads\/2022\/02\/20220208_152417-fhd-400x300.jpg\" alt=\"\" width=\"400\" height=\"300\" srcset=\"https:\/\/gruene-weissach.de\/wp-content\/uploads\/2022\/02\/20220208_152417-fhd-400x300.jpg 400w, https:\/\/gruene-weissach.de\/wp-content\/uploads\/2022\/02\/20220208_152417-fhd-800x600.jpg 800w, https:\/\/gruene-weissach.de\/wp-content\/uploads\/2022\/02\/20220208_152417-fhd-768x576.jpg 768w, https:\/\/gruene-weissach.de\/wp-content\/uploads\/2022\/02\/20220208_152417-fhd-1536x1152.jpg 1536w, https:\/\/gruene-weissach.de\/wp-content\/uploads\/2022\/02\/20220208_152417-fhd.jpg 1920w\" sizes=\"auto, (max-width: 400px) 100vw, 400px\" \/><\/a><a href=\"https:\/\/gruene-weissach.de\/wp-content\/uploads\/2022\/02\/20220208_152457-fhd.jpg\"><img loading=\"lazy\" decoding=\"async\" class=\"alignleft size-medium wp-image-1135\" src=\"https:\/\/gruene-weissach.de\/wp-content\/uploads\/2022\/02\/20220208_152457-fhd-400x300.jpg\" alt=\"\" width=\"400\" height=\"300\" srcset=\"https:\/\/gruene-weissach.de\/wp-content\/uploads\/2022\/02\/20220208_152457-fhd-400x300.jpg 400w, https:\/\/gruene-weissach.de\/wp-content\/uploads\/2022\/02\/20220208_152457-fhd-800x600.jpg 800w, https:\/\/gruene-weissach.de\/wp-content\/uploads\/2022\/02\/20220208_152457-fhd-768x576.jpg 768w, https:\/\/gruene-weissach.de\/wp-content\/uploads\/2022\/02\/20220208_152457-fhd-1536x1152.jpg 1536w, https:\/\/gruene-weissach.de\/wp-content\/uploads\/2022\/02\/20220208_152457-fhd.jpg 1920w\" sizes=\"auto, (max-width: 400px) 100vw, 400px\" \/><\/a><a href=\"https:\/\/gruene-weissach.de\/wp-content\/uploads\/2022\/02\/20220208_152533-fhd.jpg\"><img loading=\"lazy\" decoding=\"async\" class=\"alignleft size-medium wp-image-1136\" src=\"https:\/\/gruene-weissach.de\/wp-content\/uploads\/2022\/02\/20220208_152533-fhd-400x300.jpg\" alt=\"\" width=\"400\" height=\"300\" srcset=\"https:\/\/gruene-weissach.de\/wp-content\/uploads\/2022\/02\/20220208_152533-fhd-400x300.jpg 400w, https:\/\/gruene-weissach.de\/wp-content\/uploads\/2022\/02\/20220208_152533-fhd-800x600.jpg 800w, https:\/\/gruene-weissach.de\/wp-content\/uploads\/2022\/02\/20220208_152533-fhd-768x576.jpg 768w, https:\/\/gruene-weissach.de\/wp-content\/uploads\/2022\/02\/20220208_152533-fhd-1536x1152.jpg 1536w, https:\/\/gruene-weissach.de\/wp-content\/uploads\/2022\/02\/20220208_152533-fhd.jpg 1920w\" sizes=\"auto, (max-width: 400px) 100vw, 400px\" \/><\/a><a href=\"https:\/\/gruene-weissach.de\/wp-content\/uploads\/2022\/02\/20220208_152554-fhd.jpg\"><img loading=\"lazy\" decoding=\"async\" class=\"alignleft size-medium wp-image-1137\" src=\"https:\/\/gruene-weissach.de\/wp-content\/uploads\/2022\/02\/20220208_152554-fhd-400x300.jpg\" alt=\"\" width=\"400\" height=\"300\" srcset=\"https:\/\/gruene-weissach.de\/wp-content\/uploads\/2022\/02\/20220208_152554-fhd-400x300.jpg 400w, https:\/\/gruene-weissach.de\/wp-content\/uploads\/2022\/02\/20220208_152554-fhd-800x600.jpg 800w, https:\/\/gruene-weissach.de\/wp-content\/uploads\/2022\/02\/20220208_152554-fhd-768x576.jpg 768w, https:\/\/gruene-weissach.de\/wp-content\/uploads\/2022\/02\/20220208_152554-fhd-1536x1152.jpg 1536w, https:\/\/gruene-weissach.de\/wp-content\/uploads\/2022\/02\/20220208_152554-fhd.jpg 1920w\" sizes=\"auto, (max-width: 400px) 100vw, 400px\" \/><\/a><\/p>\n<p>&nbsp;<\/p>\n<p><a href=\"https:\/\/gruene-weissach.de\/wp-content\/uploads\/2022\/02\/20220208_152644-fhd.jpg\"><img loading=\"lazy\" decoding=\"async\" class=\"alignleft size-medium wp-image-1139\" src=\"https:\/\/gruene-weissach.de\/wp-content\/uploads\/2022\/02\/20220208_152644-fhd-400x300.jpg\" alt=\"\" width=\"400\" height=\"300\" srcset=\"https:\/\/gruene-weissach.de\/wp-content\/uploads\/2022\/02\/20220208_152644-fhd-400x300.jpg 400w, https:\/\/gruene-weissach.de\/wp-content\/uploads\/2022\/02\/20220208_152644-fhd-800x600.jpg 800w, https:\/\/gruene-weissach.de\/wp-content\/uploads\/2022\/02\/20220208_152644-fhd-768x576.jpg 768w, https:\/\/gruene-weissach.de\/wp-content\/uploads\/2022\/02\/20220208_152644-fhd-1536x1152.jpg 1536w, https:\/\/gruene-weissach.de\/wp-content\/uploads\/2022\/02\/20220208_152644-fhd.jpg 1920w\" sizes=\"auto, (max-width: 400px) 100vw, 400px\" \/><\/a><a href=\"https:\/\/gruene-weissach.de\/wp-content\/uploads\/2022\/02\/20220208_152652-fhd.jpg\"><img loading=\"lazy\" decoding=\"async\" class=\"alignleft size-medium wp-image-1140\" src=\"https:\/\/gruene-weissach.de\/wp-content\/uploads\/2022\/02\/20220208_152652-fhd-400x300.jpg\" alt=\"\" width=\"400\" height=\"300\" srcset=\"https:\/\/gruene-weissach.de\/wp-content\/uploads\/2022\/02\/20220208_152652-fhd-400x300.jpg 400w, https:\/\/gruene-weissach.de\/wp-content\/uploads\/2022\/02\/20220208_152652-fhd-800x600.jpg 800w, https:\/\/gruene-weissach.de\/wp-content\/uploads\/2022\/02\/20220208_152652-fhd-768x576.jpg 768w, https:\/\/gruene-weissach.de\/wp-content\/uploads\/2022\/02\/20220208_152652-fhd-1536x1152.jpg 1536w, https:\/\/gruene-weissach.de\/wp-content\/uploads\/2022\/02\/20220208_152652-fhd.jpg 1920w\" sizes=\"auto, (max-width: 400px) 100vw, 400px\" \/><\/a><a href=\"https:\/\/gruene-weissach.de\/wp-content\/uploads\/2022\/02\/20220208_153248-fhd.jpg\"><img loading=\"lazy\" decoding=\"async\" class=\"alignleft size-medium wp-image-1141\" src=\"https:\/\/gruene-weissach.de\/wp-content\/uploads\/2022\/02\/20220208_153248-fhd-400x300.jpg\" alt=\"\" width=\"400\" height=\"300\" srcset=\"https:\/\/gruene-weissach.de\/wp-content\/uploads\/2022\/02\/20220208_153248-fhd-400x300.jpg 400w, https:\/\/gruene-weissach.de\/wp-content\/uploads\/2022\/02\/20220208_153248-fhd-800x600.jpg 800w, https:\/\/gruene-weissach.de\/wp-content\/uploads\/2022\/02\/20220208_153248-fhd-768x576.jpg 768w, https:\/\/gruene-weissach.de\/wp-content\/uploads\/2022\/02\/20220208_153248-fhd-1536x1152.jpg 1536w, https:\/\/gruene-weissach.de\/wp-content\/uploads\/2022\/02\/20220208_153248-fhd.jpg 1920w\" sizes=\"auto, (max-width: 400px) 100vw, 400px\" \/><\/a><a href=\"https:\/\/gruene-weissach.de\/wp-content\/uploads\/2022\/02\/20220208_153639-fhd.jpg\"><img loading=\"lazy\" decoding=\"async\" class=\"alignleft size-medium wp-image-1143\" src=\"https:\/\/gruene-weissach.de\/wp-content\/uploads\/2022\/02\/20220208_153639-fhd-400x300.jpg\" alt=\"\" width=\"400\" height=\"300\" srcset=\"https:\/\/gruene-weissach.de\/wp-content\/uploads\/2022\/02\/20220208_153639-fhd-400x300.jpg 400w, https:\/\/gruene-weissach.de\/wp-content\/uploads\/2022\/02\/20220208_153639-fhd-800x600.jpg 800w, https:\/\/gruene-weissach.de\/wp-content\/uploads\/2022\/02\/20220208_153639-fhd-768x576.jpg 768w, https:\/\/gruene-weissach.de\/wp-content\/uploads\/2022\/02\/20220208_153639-fhd-1536x1152.jpg 1536w, https:\/\/gruene-weissach.de\/wp-content\/uploads\/2022\/02\/20220208_153639-fhd.jpg 1920w\" sizes=\"auto, (max-width: 400px) 100vw, 400px\" \/><\/a><a href=\"https:\/\/gruene-weissach.de\/wp-content\/uploads\/2022\/02\/20220208_153738-fhd.jpg\"><img loading=\"lazy\" decoding=\"async\" class=\"alignleft size-medium wp-image-1144\" src=\"https:\/\/gruene-weissach.de\/wp-content\/uploads\/2022\/02\/20220208_153738-fhd-400x300.jpg\" alt=\"\" width=\"400\" height=\"300\" srcset=\"https:\/\/gruene-weissach.de\/wp-content\/uploads\/2022\/02\/20220208_153738-fhd-400x300.jpg 400w, https:\/\/gruene-weissach.de\/wp-content\/uploads\/2022\/02\/20220208_153738-fhd-800x600.jpg 800w, https:\/\/gruene-weissach.de\/wp-content\/uploads\/2022\/02\/20220208_153738-fhd-768x576.jpg 768w, https:\/\/gruene-weissach.de\/wp-content\/uploads\/2022\/02\/20220208_153738-fhd-1536x1152.jpg 1536w, https:\/\/gruene-weissach.de\/wp-content\/uploads\/2022\/02\/20220208_153738-fhd.jpg 1920w\" sizes=\"auto, (max-width: 400px) 100vw, 400px\" \/><\/a><a href=\"https:\/\/gruene-weissach.de\/wp-content\/uploads\/2022\/02\/20220208_153855-fhd.jpg\"><img loading=\"lazy\" decoding=\"async\" class=\"alignleft size-medium wp-image-1145\" src=\"https:\/\/gruene-weissach.de\/wp-content\/uploads\/2022\/02\/20220208_153855-fhd-400x300.jpg\" alt=\"\" width=\"400\" height=\"300\" srcset=\"https:\/\/gruene-weissach.de\/wp-content\/uploads\/2022\/02\/20220208_153855-fhd-400x300.jpg 400w, https:\/\/gruene-weissach.de\/wp-content\/uploads\/2022\/02\/20220208_153855-fhd-800x600.jpg 800w, https:\/\/gruene-weissach.de\/wp-content\/uploads\/2022\/02\/20220208_153855-fhd-768x576.jpg 768w, https:\/\/gruene-weissach.de\/wp-content\/uploads\/2022\/02\/20220208_153855-fhd-1536x1152.jpg 1536w, https:\/\/gruene-weissach.de\/wp-content\/uploads\/2022\/02\/20220208_153855-fhd.jpg 1920w\" sizes=\"auto, (max-width: 400px) 100vw, 400px\" \/><\/a><\/p>\n<p>&nbsp;<\/p>\n<p>&nbsp;<\/p>\n<p>&nbsp;<\/p>\n<p>&nbsp;<\/p>\n<p>&nbsp;<\/p>\n<p>&nbsp;<\/p>\n<p>&nbsp;<\/p>\n<p>&nbsp;<\/p>\n<p>&nbsp;<\/p>\n<p>&nbsp;<\/p>\n<p>&nbsp;<\/p>\n<p>&nbsp;<\/p>\n<p>&nbsp;<\/p>\n<p>&nbsp;<\/p>\n<p>&nbsp;<\/p>\n<p>&nbsp;<\/p>\n<p>&nbsp;<\/p>\n<p>&nbsp;<\/p>\n<p>&nbsp;<\/p>\n<p>&nbsp;<\/p>\n<p>&nbsp;<\/p>\n<p>&nbsp;<\/p>\n<p>&nbsp;<\/p>\n<p>&nbsp;<\/p>\n<p>&nbsp;<\/p>\n<p>&nbsp;<\/p>\n<p>&nbsp;<\/p>\n<p>&nbsp;<\/p>\n<p>Der Stahlb\u00fchlwald verliert seine Buchen<\/p>\n<p>&nbsp;<\/p>\n<p>&nbsp;<\/p>\n<p>&nbsp;<\/p>\n<p>&nbsp;<\/p>\n<p>&nbsp;<\/p>\n<p>&nbsp;<\/p>\n<p>&nbsp;<\/p>\n<p>&nbsp;<\/p>\n","protected":false},"excerpt":{"rendered":"<p>Viele besorgte B\u00fcrger*innen haben sich in den letzten Tagen bei [&hellip;]<\/p>\n","protected":false},"author":-1,"featured_media":1137,"comment_status":"open","ping_status":"closed","sticky":false,"template":"","format":"standard","meta":{"footnotes":""},"categories":[2,1],"tags":[],"class_list":["post-1146","post","type-post","status-publish","format-standard","has-post-thumbnail","hentry","category-aktuell","category-allgemein"],"_links":{"self":[{"href":"https:\/\/gruene-weissach.de\/index.php?rest_route=\/wp\/v2\/posts\/1146","targetHints":{"allow":["GET"]}}],"collection":[{"href":"https:\/\/gruene-weissach.de\/index.php?rest_route=\/wp\/v2\/posts"}],"about":[{"href":"https:\/\/gruene-weissach.de\/index.php?rest_route=\/wp\/v2\/types\/post"}],"author":[{"embeddable":true,"href":"https:\/\/gruene-weissach.de\/index.php?rest_route=\/wp\/v2\/users\/1"}],"replies":[{"embeddable":true,"href":"https:\/\/gruene-weissach.de\/index.php?rest_route=%2Fwp%2Fv2%2Fcomments&post=1146"}],"version-history":[{"count":9,"href":"https:\/\/gruene-weissach.de\/index.php?rest_route=\/wp\/v2\/posts\/1146\/revisions"}],"predecessor-version":[{"id":1158,"href":"https:\/\/gruene-weissach.de\/index.php?rest_route=\/wp\/v2\/posts\/1146\/revisions\/1158"}],"wp:featuredmedia":[{"embeddable":true,"href":"https:\/\/gruene-weissach.de\/index.php?rest_route=\/wp\/v2\/media\/1137"}],"wp:attachment":[{"href":"https:\/\/gruene-weissach.de\/index.php?rest_route=%2Fwp%2Fv2%2Fmedia&parent=1146"}],"wp:term":[{"taxonomy":"category","embeddable":true,"href":"https:\/\/gruene-weissach.de\/index.php?rest_route=%2Fwp%2Fv2%2Fcategories&post=1146"},{"taxonomy":"post_tag","embeddable":true,"href":"https:\/\/gruene-weissach.de\/index.php?rest_route=%2Fwp%2Fv2%2Ftags&post=1146"}],"curies":[{"name":"wp","href":"https:\/\/api.w.org\/{rel}","templated":true}]}}