{"id":1163,"date":"2022-02-23T17:36:19","date_gmt":"2022-02-23T16:36:19","guid":{"rendered":"https:\/\/gruene-weissach.de\/?p=1163"},"modified":"2022-02-23T17:37:21","modified_gmt":"2022-02-23T16:37:21","slug":"frauentag-am-8-maerz-aus-ueberzeugung-wird-wirklichkeit","status":"publish","type":"post","link":"https:\/\/gruene-weissach.de\/?p=1163","title":{"rendered":"Frauentag am 8. M\u00e4rz: Aus \u00dcberzeugung wird Wirklichkeit"},"content":{"rendered":"<p><strong>Am 8. M\u00e4rz ist internationaler Frauentag:<\/strong> Ein Tag, den wir immer genutzt haben, um als Partei f\u00fcr mehr Gleichberechtigung zu k\u00e4mpfen. Ob bei der Einf\u00fchrung eines Selbstbestimmungsgesetzes oder der gleichen Bezahlung von M\u00e4nnern und Frauen. Als Regierungspartei k\u00f6nnen wir nun daf\u00fcr sorgen dass die Realit\u00e4t der ganzen Gesellschaft sich auch im Regierungshandeln widerspiegelt.<\/p>\n<p>Daher ist der diesj\u00e4hrige Frauentag ein besonderer f\u00fcr uns, denn wir haben nun die Chance, aus \u00dcberzeugung Wirklichkeit zu machen. Viele feministischen Punkte haben wir im<a href=\"https:\/\/cms.gruene.de\/uploads\/documents\/Koalitionsvertrag-SPD-GRUENE-FDP-2021-2025.pdf\" target=\"_blank\" rel=\"noopener\"> Koalitionsvertrag<\/a> eingebracht. Und jetzt packen wir es an, unter anderem:<\/p>\n<ul>\n<li>Der \u00a7219a soll abgeschafft werden, damit \u00c4rzt*innen straffrei \u00fcber Schwangerschaftsabbr\u00fcche informieren k\u00f6nnen.<\/li>\n<li>V\u00e4ter und Co-M\u00fctter sollen nach der Geburt ihres Kindes eine bezahlte Auszeit von zwei Wochen nehmen k\u00f6nnen.<\/li>\n<li>Mit einer Kindergrundsicherung sollen Kinderrechte gest\u00e4rkt und insbesondere Alleinerziehende finanziell unterst\u00fctzt werden.<\/li>\n<li>Das Familienrecht muss modernisiert werden: Lesbische Paare sollen gleich behandelt werden und Co-M\u00fctter automatisch als rechtliches Elternteil anerkannt werden, wenn ein Kind in diese Partnerschaft geboren wird.<\/li>\n<li>Der Schutz vor Gewalt wird zum Rechtsanspruch, Frauenhauspl\u00e4tze ausgebaut und die Beratung verl\u00e4sslich finanziert &#8211; das entlastet auch die Mitarbeiterinnen.<\/li>\n<\/ul>\n<p>Weitere Infos: <a href=\"https:\/\/gruene-weissach.de\/wp-content\/uploads\/2022\/02\/Flugblatt_Frauentag22_A4_farbe.pdf\" target=\"_blank\" rel=\"noopener\">Flugblatt mit unserer frauenpolitischen Agenda herunterladen.<\/a><\/p>\n<p>&nbsp;<\/p>\n","protected":false},"excerpt":{"rendered":"<p>Am 8. M\u00e4rz ist internationaler Frauentag: Ein Tag, den wir [&hellip;]<\/p>\n","protected":false},"author":-1,"featured_media":1160,"comment_status":"open","ping_status":"closed","sticky":false,"template":"","format":"standard","meta":{"footnotes":""},"categories":[2],"tags":[],"class_list":["post-1163","post","type-post","status-publish","format-standard","has-post-thumbnail","hentry","category-aktuell"],"_links":{"self":[{"href":"https:\/\/gruene-weissach.de\/index.php?rest_route=\/wp\/v2\/posts\/1163","targetHints":{"allow":["GET"]}}],"collection":[{"href":"https:\/\/gruene-weissach.de\/index.php?rest_route=\/wp\/v2\/posts"}],"about":[{"href":"https:\/\/gruene-weissach.de\/index.php?rest_route=\/wp\/v2\/types\/post"}],"author":[{"embeddable":true,"href":"https:\/\/gruene-weissach.de\/index.php?rest_route=\/wp\/v2\/users\/1"}],"replies":[{"embeddable":true,"href":"https:\/\/gruene-weissach.de\/index.php?rest_route=%2Fwp%2Fv2%2Fcomments&post=1163"}],"version-history":[{"count":2,"href":"https:\/\/gruene-weissach.de\/index.php?rest_route=\/wp\/v2\/posts\/1163\/revisions"}],"predecessor-version":[{"id":1165,"href":"https:\/\/gruene-weissach.de\/index.php?rest_route=\/wp\/v2\/posts\/1163\/revisions\/1165"}],"wp:featuredmedia":[{"embeddable":true,"href":"https:\/\/gruene-weissach.de\/index.php?rest_route=\/wp\/v2\/media\/1160"}],"wp:attachment":[{"href":"https:\/\/gruene-weissach.de\/index.php?rest_route=%2Fwp%2Fv2%2Fmedia&parent=1163"}],"wp:term":[{"taxonomy":"category","embeddable":true,"href":"https:\/\/gruene-weissach.de\/index.php?rest_route=%2Fwp%2Fv2%2Fcategories&post=1163"},{"taxonomy":"post_tag","embeddable":true,"href":"https:\/\/gruene-weissach.de\/index.php?rest_route=%2Fwp%2Fv2%2Ftags&post=1163"}],"curies":[{"name":"wp","href":"https:\/\/api.w.org\/{rel}","templated":true}]}}