{"id":1168,"date":"2022-03-07T12:58:56","date_gmt":"2022-03-07T11:58:56","guid":{"rendered":"https:\/\/gruene-weissach.de\/?p=1168"},"modified":"2022-03-07T13:02:51","modified_gmt":"2022-03-07T12:02:51","slug":"volle-solidaritaet-mit-der-ukraine","status":"publish","type":"post","link":"https:\/\/gruene-weissach.de\/?p=1168","title":{"rendered":"Volle Solidarit\u00e4t mit der Ukraine"},"content":{"rendered":"<h3>Nach dem Angriff Russlands auf die Ukraine gilt unsere ganze Solidarit\u00e4t den Menschen vor Ort.<\/h3>\n<p>Wir Gr\u00fcne verurteilen den russischen Angriffskrieg gegen die Ukraine auf das Sch\u00e4rfste. Unsere ganze Solidarit\u00e4t gilt in diesen schweren Zeiten den Menschen in der Ukraine.<br \/>\nRespekt zollen wir auch ausdr\u00fccklich den vielen mutigen Demonstrant*innen, die trotz aller Repressalien, in ganz Russland f\u00fcr den Frieden und damit gegen Putin auf die Stra\u00dfe gehen.<\/p>\n<p>Wir stehen fest an der Seite der Ukraine, ihrer Menschen und ihres Rechts auf Selbstverteidigung, auf Freiheit und Selbstbestimmung. Unsere Gedanken sind in diesen schweren Zeiten bei ihnen. Ihnen gilt unsere volle Solidarit\u00e4t.<\/p>\n<h4><a href=\"https:\/\/www.gruene.de\/artikel\/volle-solidaritaet-mit-der-ukraine\" target=\"_blank\" rel=\"noopener\">Auf gruene.de kannst Du nachlesen, was Du jetzt tun kannst, um zu helfen.<\/a><\/h4>\n<p>&nbsp;<\/p>\n","protected":false},"excerpt":{"rendered":"<p>Nach dem Angriff Russlands auf die Ukraine gilt unsere ganze [&hellip;]<\/p>\n","protected":false},"author":-1,"featured_media":1167,"comment_status":"open","ping_status":"closed","sticky":false,"template":"","format":"standard","meta":{"footnotes":""},"categories":[2,1],"tags":[],"class_list":["post-1168","post","type-post","status-publish","format-standard","has-post-thumbnail","hentry","category-aktuell","category-allgemein"],"_links":{"self":[{"href":"https:\/\/gruene-weissach.de\/index.php?rest_route=\/wp\/v2\/posts\/1168","targetHints":{"allow":["GET"]}}],"collection":[{"href":"https:\/\/gruene-weissach.de\/index.php?rest_route=\/wp\/v2\/posts"}],"about":[{"href":"https:\/\/gruene-weissach.de\/index.php?rest_route=\/wp\/v2\/types\/post"}],"author":[{"embeddable":true,"href":"https:\/\/gruene-weissach.de\/index.php?rest_route=\/wp\/v2\/users\/1"}],"replies":[{"embeddable":true,"href":"https:\/\/gruene-weissach.de\/index.php?rest_route=%2Fwp%2Fv2%2Fcomments&post=1168"}],"version-history":[{"count":2,"href":"https:\/\/gruene-weissach.de\/index.php?rest_route=\/wp\/v2\/posts\/1168\/revisions"}],"predecessor-version":[{"id":1171,"href":"https:\/\/gruene-weissach.de\/index.php?rest_route=\/wp\/v2\/posts\/1168\/revisions\/1171"}],"wp:featuredmedia":[{"embeddable":true,"href":"https:\/\/gruene-weissach.de\/index.php?rest_route=\/wp\/v2\/media\/1167"}],"wp:attachment":[{"href":"https:\/\/gruene-weissach.de\/index.php?rest_route=%2Fwp%2Fv2%2Fmedia&parent=1168"}],"wp:term":[{"taxonomy":"category","embeddable":true,"href":"https:\/\/gruene-weissach.de\/index.php?rest_route=%2Fwp%2Fv2%2Fcategories&post=1168"},{"taxonomy":"post_tag","embeddable":true,"href":"https:\/\/gruene-weissach.de\/index.php?rest_route=%2Fwp%2Fv2%2Ftags&post=1168"}],"curies":[{"name":"wp","href":"https:\/\/api.w.org\/{rel}","templated":true}]}}