{"id":1183,"date":"2022-03-12T19:05:09","date_gmt":"2022-03-12T18:05:09","guid":{"rendered":"https:\/\/gruene-weissach.de\/?p=1183"},"modified":"2022-03-12T19:05:29","modified_gmt":"2022-03-12T18:05:29","slug":"unsere-antraege-fuer-den-haushalt-2022","status":"publish","type":"post","link":"https:\/\/gruene-weissach.de\/?p=1183","title":{"rendered":"Unsere Antr\u00e4ge f\u00fcr den Haushalt 2022"},"content":{"rendered":"<p>Diesen Freitag und Samstag fand die diesj\u00e4hrige Haushaltsklausur zum Haushalt 2022 in der Strudelbachhalle statt.<br \/>\nDas waren unsere Antr\u00e4ge um Weissach und Flacht f\u00fcr die Zukunft zu r\u00fcsten.<br \/>\nNat\u00fcrlich haben wir noch viele weitere Ideen zu, die wir gerne beantragen und umsetzen w\u00fcrden, aber wir mit Blick auf die Personalkapazit\u00e4ten von der Verwaltung noch zur\u00fcckstellen mussten.<br \/>\nWie \u00fcber die Antr\u00e4ge abgestimmt wurde, erfahrt Ihr in der Gemeinderatssitzung am 28.M\u00e4rz 2022.<\/p>\n<p>Liste unserer Antr\u00e4ge zum Download:<\/p>\n<ul>\n<li><a href=\"https:\/\/gruene-weissach.de\/wp-content\/uploads\/2022\/03\/GR-Fraktion-GRUeNE-HH-2022-Gesamtuebersicht-Antraege.pdf\"><strong>Gesamt\u00fcbersicht<\/strong><\/a><\/li>\n<li><a href=\"https:\/\/gruene-weissach.de\/wp-content\/uploads\/2022\/03\/GR-Fraktion-Gruene-HH-2022-Antrag-1-Sanierungsbedarf-Kostenplanung-und-Sanierungsstrategie-kommunaler-Liegenschaften.pdf\"><strong>Antrag-1-Sanierungsbedarf-Kostenplanung-und-Sanierungsstrategie-kommunaler-Liegenschaften<\/strong><\/a><\/li>\n<li><strong class=\"has-media-icon\"><a href=\"https:\/\/gruene-weissach.de\/wp-content\/uploads\/2022\/03\/GR-Fraktion-Gruene-HH-2022-Antrag-2-Weiterentwicklung-kommunaler-Liegenschaften.pdf\" aria-label=\"\u201eGR-Fraktion Gr\u00fcne HH 2022 Antrag 2 Weiterentwicklung kommunaler Liegenschaften\u201c (Bearbeiten)\">Antrag 2 Weiterentwicklung kommunaler Liegenschaften<\/a><\/strong><\/li>\n<li><a href=\"https:\/\/gruene-weissach.de\/wp-content\/uploads\/2022\/03\/GR-Fraktion-Gruene-HH-2022-Antrag-3-Umsetzung-Mitfahrbaenke-in-Weissach-und-Flacht.pdf\"><strong class=\"has-media-icon\">Antrag 3 Umsetzung Mitfahrb\u00e4nke in Weissach und Flacht<\/strong><\/a><\/li>\n<li><strong class=\"has-media-icon\"><a href=\"https:\/\/gruene-weissach.de\/wp-content\/uploads\/2022\/03\/GR-Fraktion-Gruene-HH-2022-Antrag-4-Fachlich-qualifizierte-Pruefung-des-oeffentlichen-inneroertlichen-Baumbestandes-und-Erstellung-eines-Baumkatasters.pdf\" aria-label=\"\u201eGR-Fraktion Gr\u00fcne HH 2022 Antrag 4 Fachlich, qualifizierte Pr\u00fcfung des \u00f6ffentlichen, inner\u00f6rtlichen Baumbestandes und Erstellung eines Baumkatasters\u201c (Bearbeiten)\">Antrag 4 Fachlich, qualifizierte Pr\u00fcfung des \u00f6ffentlichen, inner\u00f6rtlichen Baumbestandes und Erstellung eines Baumkatasters<\/a><\/strong><\/li>\n<li><strong class=\"has-media-icon\"><a href=\"https:\/\/gruene-weissach.de\/wp-content\/uploads\/2022\/03\/GR-Fraktion-Gruene-HH-2022-Antrag-5-Erweiterung-kommunaler-Bluehflaechen-zur-insektenfreundlichen-Kommune.pdf\" aria-label=\"\u201eGR-Fraktion Gr\u00fcne HH 2022 Antrag 5 Erweiterung kommunaler Bl\u00fchfl\u00e4chen zur insektenfreundlichen Kommune\u201c (Bearbeiten)\">Antrag 5 Erweiterung kommunaler Bl\u00fchfl\u00e4chen zur insektenfreundlichen Kommune<\/a><\/strong><\/li>\n<li><strong class=\"has-media-icon\"><a href=\"https:\/\/gruene-weissach.de\/wp-content\/uploads\/2022\/03\/GR-Fraktion-Gruene-HH-2022-Antrag-6-Foerderprogramm-fuer-Solarsteckeranlagen-fuer-Mieter.pdf\" aria-label=\"\u201eGR-Fraktion Gr\u00fcne HH 2022 Antrag 6 F\u00f6rderprogramm f\u00fcr Solarsteckeranlagen f\u00fcr Mieter\u201c (Bearbeiten)\">Antrag 6 F\u00f6rderprogramm f\u00fcr Solarsteckeranlagen f\u00fcr Mieter<\/a><\/strong><\/li>\n<li><strong class=\"has-media-icon\"><a href=\"https:\/\/gruene-weissach.de\/wp-content\/uploads\/2022\/03\/GR-Fraktion-Gruene-HH-2022-Antrag-7-ueberfraktionell-mit-UL-Sachstandsbericht-Umsetzung-der-Bewertung-des-Anlagevermoegens-zur-Feststellung-der-Abschreibungen-seit-2020.pdf\" aria-label=\"\u201eGR-Fraktion Gr\u00fcne HH 2022 Antrag 7 \u00fcberfraktionell mit UL Sachstandsbericht -Umsetzung der Bewertung des Anlageverm\u00f6gens zur Feststellung der Abschreibungen seit 2020\u201c (Bearbeiten)\">Antrag 7 \u00fcberfraktionell mit UL Sachstandsbericht -Umsetzung der Bewertung des Anlageverm\u00f6gens zur Feststellung der Abschreibungen seit 2020<\/a><\/strong><\/li>\n<li><strong class=\"has-media-icon\"><a href=\"https:\/\/gruene-weissach.de\/wp-content\/uploads\/2022\/03\/GR-Fraktion-Gruene-HH-2022-Antrag-8-ueberfraktionell-mit-UL-Einrichtung-einer-Notstromversorgung-des-Feuerwehrmagazins.pdf\" aria-label=\"\u201eGR-Fraktion Gr\u00fcne HH 2022 Antrag 8 \u00fcberfraktionell mit UL Einrichtung einer Notstromversorgung des Feuerwehrmagazins\u201c (Bearbeiten)\">Antrag 8 \u00fcberfraktionell mit UL Einrichtung einer Notstromversorgung des Feuerwehrmagazins<\/a><\/strong><\/li>\n<\/ul>\n<p>&nbsp;<\/p>\n","protected":false},"excerpt":{"rendered":"<p>Diesen Freitag und Samstag fand die diesj\u00e4hrige Haushaltsklausur zum Haushalt [&hellip;]<\/p>\n","protected":false},"author":-1,"featured_media":0,"comment_status":"open","ping_status":"closed","sticky":false,"template":"","format":"standard","meta":{"footnotes":""},"categories":[2,1],"tags":[],"class_list":["post-1183","post","type-post","status-publish","format-standard","hentry","category-aktuell","category-allgemein"],"_links":{"self":[{"href":"https:\/\/gruene-weissach.de\/index.php?rest_route=\/wp\/v2\/posts\/1183","targetHints":{"allow":["GET"]}}],"collection":[{"href":"https:\/\/gruene-weissach.de\/index.php?rest_route=\/wp\/v2\/posts"}],"about":[{"href":"https:\/\/gruene-weissach.de\/index.php?rest_route=\/wp\/v2\/types\/post"}],"author":[{"embeddable":true,"href":"https:\/\/gruene-weissach.de\/index.php?rest_route=\/wp\/v2\/users\/1"}],"replies":[{"embeddable":true,"href":"https:\/\/gruene-weissach.de\/index.php?rest_route=%2Fwp%2Fv2%2Fcomments&post=1183"}],"version-history":[{"count":1,"href":"https:\/\/gruene-weissach.de\/index.php?rest_route=\/wp\/v2\/posts\/1183\/revisions"}],"predecessor-version":[{"id":1184,"href":"https:\/\/gruene-weissach.de\/index.php?rest_route=\/wp\/v2\/posts\/1183\/revisions\/1184"}],"wp:attachment":[{"href":"https:\/\/gruene-weissach.de\/index.php?rest_route=%2Fwp%2Fv2%2Fmedia&parent=1183"}],"wp:term":[{"taxonomy":"category","embeddable":true,"href":"https:\/\/gruene-weissach.de\/index.php?rest_route=%2Fwp%2Fv2%2Fcategories&post=1183"},{"taxonomy":"post_tag","embeddable":true,"href":"https:\/\/gruene-weissach.de\/index.php?rest_route=%2Fwp%2Fv2%2Ftags&post=1183"}],"curies":[{"name":"wp","href":"https:\/\/api.w.org\/{rel}","templated":true}]}}