{"id":1185,"date":"2022-03-12T19:22:36","date_gmt":"2022-03-12T18:22:36","guid":{"rendered":"https:\/\/gruene-weissach.de\/?p=1185"},"modified":"2022-03-12T19:22:36","modified_gmt":"2022-03-12T18:22:36","slug":"mini-solar-kraftwerke-fuer-balkone","status":"publish","type":"post","link":"https:\/\/gruene-weissach.de\/?p=1185","title":{"rendered":"Mini Solar-Kraftwerke f\u00fcr Balkone"},"content":{"rendered":"<p>Es gibt inzwischen eine wirtschaftlich attraktive L\u00f6sung zur Erzeugung von Solarstrom, die vor allem f\u00fcr Menschen interessant ist, die in Eigentums- oder Mietwohnungen leben. Diese Mini-Solarkraftwerke sind relativ kosteng\u00fcnstig und die Investition macht sich innerhalb von 5 bis 7 Jahren bezahlt<\/p>\n<p><span dir=\"ltr\" role=\"presentation\">Ein Mini-Solarkraftwerk wird meist mit Verbindungskabeln, <\/span><span dir=\"ltr\" role=\"presentation\">einem normalen Haushaltsstecker und einer Befestigung \u2013<\/span><br role=\"presentation\" \/><span dir=\"ltr\" role=\"presentation\">etwa f\u00fcr ein Balkongel\u00e4nder \u2013 geliefert und ist daf\u00fcr<\/span> <span dir=\"ltr\" role=\"presentation\">gedacht, <\/span><span dir=\"ltr\" role=\"presentation\">dass Sie es als Laie montieren und installieren<\/span> <span dir=\"ltr\" role=\"presentation\">k\u00f6nnen. Es dient<\/span><br role=\"presentation\" \/><span dir=\"ltr\" role=\"presentation\">dazu, den Grundverbrauch an Strom zu decken. Der selbst<\/span><span dir=\"ltr\" role=\"presentation\">produzierte Strom wird so gleich wieder verbraucht, die Strom<\/span><span dir=\"ltr\" role=\"presentation\">rechnung wird g\u00fcnstiger.<\/span><\/p>\n<p>Die Gr\u00fcnen haben f\u00fcr den Haushalt 2022 einen Antrag gestellt, um <a href=\"https:\/\/gruene-weissach.de\/wp-content\/uploads\/2022\/03\/GR-Fraktion-Gruene-HH-2022-Antrag-6-Foerderprogramm-fuer-Solarsteckeranlagen-fuer-Mieter.pdf\" target=\"_blank\" rel=\"noopener\">F\u00f6rdermittel f\u00fcr die Anschaffung von Mini-Solaranlagen<\/a> bereitzustellen.<\/p>\n<p><a href=\"https:\/\/gruene-weissach.de\/wp-content\/uploads\/2022\/03\/Infoblatt-Balkonsolar-Umweltinstitut.pdf\" target=\"_blank\" rel=\"noopener\">Infoflyer zu Mini-Solaranlagen<\/a><\/p>\n<p>&nbsp;<\/p>\n","protected":false},"excerpt":{"rendered":"<p>Es gibt inzwischen eine wirtschaftlich attraktive L\u00f6sung zur Erzeugung von [&hellip;]<\/p>\n","protected":false},"author":-1,"featured_media":0,"comment_status":"open","ping_status":"closed","sticky":false,"template":"","format":"standard","meta":{"footnotes":""},"categories":[2,1],"tags":[],"class_list":["post-1185","post","type-post","status-publish","format-standard","hentry","category-aktuell","category-allgemein"],"_links":{"self":[{"href":"https:\/\/gruene-weissach.de\/index.php?rest_route=\/wp\/v2\/posts\/1185","targetHints":{"allow":["GET"]}}],"collection":[{"href":"https:\/\/gruene-weissach.de\/index.php?rest_route=\/wp\/v2\/posts"}],"about":[{"href":"https:\/\/gruene-weissach.de\/index.php?rest_route=\/wp\/v2\/types\/post"}],"author":[{"embeddable":true,"href":"https:\/\/gruene-weissach.de\/index.php?rest_route=\/wp\/v2\/users\/1"}],"replies":[{"embeddable":true,"href":"https:\/\/gruene-weissach.de\/index.php?rest_route=%2Fwp%2Fv2%2Fcomments&post=1185"}],"version-history":[{"count":1,"href":"https:\/\/gruene-weissach.de\/index.php?rest_route=\/wp\/v2\/posts\/1185\/revisions"}],"predecessor-version":[{"id":1186,"href":"https:\/\/gruene-weissach.de\/index.php?rest_route=\/wp\/v2\/posts\/1185\/revisions\/1186"}],"wp:attachment":[{"href":"https:\/\/gruene-weissach.de\/index.php?rest_route=%2Fwp%2Fv2%2Fmedia&parent=1185"}],"wp:term":[{"taxonomy":"category","embeddable":true,"href":"https:\/\/gruene-weissach.de\/index.php?rest_route=%2Fwp%2Fv2%2Fcategories&post=1185"},{"taxonomy":"post_tag","embeddable":true,"href":"https:\/\/gruene-weissach.de\/index.php?rest_route=%2Fwp%2Fv2%2Ftags&post=1185"}],"curies":[{"name":"wp","href":"https:\/\/api.w.org\/{rel}","templated":true}]}}