{"id":1188,"date":"2022-03-18T10:50:35","date_gmt":"2022-03-18T09:50:35","guid":{"rendered":"https:\/\/gruene-weissach.de\/?p=1188"},"modified":"2022-03-18T10:53:48","modified_gmt":"2022-03-18T09:53:48","slug":"ul-und-gruene-wollen-termin-fuer-buergermeisterwahl-festlegen","status":"publish","type":"post","link":"https:\/\/gruene-weissach.de\/?p=1188","title":{"rendered":"UL und Gr\u00fcne wollen Termin f\u00fcr B\u00fcrgermeisterwahl festlegen"},"content":{"rendered":"<h4>Weissach und Flacht macht sich auf den Weg zur B\u00fcrgermeister*innenwahl<\/h4>\n<p>Den Weissacher und Flachter B\u00fcrgerinnen und B\u00fcrgern steht in diesem Jahr noch ein wichtiges Ereignis bevor \u2013 die Wahl des B\u00fcrgermeisters bzw. der B\u00fcrgermeisterin.<br \/>\nAllen Gemeinderatsfraktionen ist ein rechtzeitiges Handeln in dieser Sache wichtig.<br \/>\nDeshalb haben die Fraktionen einen gemeinsamen Antrag gestellt, den Termin hierf\u00fcr baldm\u00f6glichst festzulegen und schlagen als Wahltermine den 03.07.2022 und f\u00fcr eine Stichwahl den 24.07.2022 vor. Damit soll noch vor der Sommerpause Klarheit geschaffen werden, wer im Auftrag der B\u00fcrgerinnen und B\u00fcrger zuk\u00fcnftig Weissach und Flacht f\u00fchrt und gestaltet.<\/p>\n<p>Inhalt des gemeinsamen Antrags ist, dass in der kommenden Gemeinderatssitzung am<br \/>\n28. M\u00e4rz 2022 \u00fcber den Termin der B\u00fcrgermeister*innenwahl, sowie die weiteren, notwendigen organisatorischen Entscheidungen beraten und beschlossen werden soll.<\/p>\n<p>Den Fraktionen Unabh\u00e4ngige Liste und B\u00fcndnis 90\/Die Gr\u00fcnen ist es wichtig, sich fr\u00fchzeitig auf den Weg zu machen, um den B\u00fcrgerinnen und B\u00fcrgern im Sinne der Demokratie m\u00f6glichst eine echte Wahlm\u00f6glichkeit zu bieten und mehrere Kandidaten*innen zu finden.<br \/>\nBeide Fraktionen setzen sich f\u00fcr einen Wandel und Neuanfang in vielerlei Hinsicht ein. Sie w\u00fcnschen sich f\u00fcr die Zukunft ein vertrauensvolles, offenes und ehrliches Miteinander zwischen Gemeinderat, Verwaltung, B\u00fcrgermeister*in und der Bev\u00f6lkerung, das von Wertsch\u00e4tzung und Respekt getragen<br \/>\nwird \u2013 ein \u201eNeues\u201c miteinander und Empathie in allen Bereichen.<\/p>\n<p><strong>F\u00fcr die Fraktion B\u00dcNDNIS 90\/DIE GR\u00dcNEN\u00a0\u00a0\u00a0\u00a0\u00a0\u00a0\u00a0 F\u00fcr die Fraktion Unabh\u00e4ngige Liste<\/strong><\/p>\n<p>Petra Herter &#8211; Fraktionsvorsitzende\u00a0\u00a0\u00a0\u00a0\u00a0\u00a0\u00a0\u00a0\u00a0\u00a0\u00a0\u00a0\u00a0\u00a0\u00a0\u00a0\u00a0\u00a0\u00a0\u00a0\u00a0\u00a0\u00a0\u00a0\u00a0\u00a0\u00a0\u00a0\u00a0\u00a0\u00a0\u00a0\u00a0\u00a0\u00a0\u00a0\u00a0\u00a0 Susanne Herrmann \u2013 Fraktionsvorsitzende<\/p>\n<p>&nbsp;<\/p>\n<p><a href=\"https:\/\/gruene-weissach.de\/wp-content\/uploads\/2022\/03\/Pressemitteilung-Buergermeisterwahl-UL-und-Gruene.pdf\" target=\"_blank\" rel=\"noopener\">Download der Pressemitteilung<\/a><\/p>\n<p><a href=\"https:\/\/www.leonberger-kreiszeitung.de\/inhalt.buergermeisterwahl-in-weissach-fraktionen-wollen-endlich-termin-festlegen.24a8e6b6-9caa-4955-9041-18283087ed9a.html\" target=\"_blank\" rel=\"noopener\">Bericht in der Leonberger Kreiszeitung<\/a><\/p>\n<p>&nbsp;<\/p>\n","protected":false},"excerpt":{"rendered":"<p>Weissach und Flacht macht sich auf den Weg zur B\u00fcrgermeister*innenwahl [&hellip;]<\/p>\n","protected":false},"author":-1,"featured_media":0,"comment_status":"open","ping_status":"closed","sticky":false,"template":"","format":"standard","meta":{"footnotes":""},"categories":[2,1],"tags":[],"class_list":["post-1188","post","type-post","status-publish","format-standard","hentry","category-aktuell","category-allgemein"],"_links":{"self":[{"href":"https:\/\/gruene-weissach.de\/index.php?rest_route=\/wp\/v2\/posts\/1188","targetHints":{"allow":["GET"]}}],"collection":[{"href":"https:\/\/gruene-weissach.de\/index.php?rest_route=\/wp\/v2\/posts"}],"about":[{"href":"https:\/\/gruene-weissach.de\/index.php?rest_route=\/wp\/v2\/types\/post"}],"author":[{"embeddable":true,"href":"https:\/\/gruene-weissach.de\/index.php?rest_route=\/wp\/v2\/users\/1"}],"replies":[{"embeddable":true,"href":"https:\/\/gruene-weissach.de\/index.php?rest_route=%2Fwp%2Fv2%2Fcomments&post=1188"}],"version-history":[{"count":3,"href":"https:\/\/gruene-weissach.de\/index.php?rest_route=\/wp\/v2\/posts\/1188\/revisions"}],"predecessor-version":[{"id":1191,"href":"https:\/\/gruene-weissach.de\/index.php?rest_route=\/wp\/v2\/posts\/1188\/revisions\/1191"}],"wp:attachment":[{"href":"https:\/\/gruene-weissach.de\/index.php?rest_route=%2Fwp%2Fv2%2Fmedia&parent=1188"}],"wp:term":[{"taxonomy":"category","embeddable":true,"href":"https:\/\/gruene-weissach.de\/index.php?rest_route=%2Fwp%2Fv2%2Fcategories&post=1188"},{"taxonomy":"post_tag","embeddable":true,"href":"https:\/\/gruene-weissach.de\/index.php?rest_route=%2Fwp%2Fv2%2Ftags&post=1188"}],"curies":[{"name":"wp","href":"https:\/\/api.w.org\/{rel}","templated":true}]}}