{"id":1195,"date":"2022-03-30T12:29:42","date_gmt":"2022-03-30T10:29:42","guid":{"rendered":"https:\/\/gruene-weissach.de\/?p=1195"},"modified":"2022-03-30T12:29:42","modified_gmt":"2022-03-30T10:29:42","slug":"buergermeisterin-buergermeister-gesucht","status":"publish","type":"post","link":"https:\/\/gruene-weissach.de\/?p=1195","title":{"rendered":"B\u00fcrgermeisterin \/ B\u00fcrgermeister gesucht!"},"content":{"rendered":"<p>In Weissach wird im Juli ein neuer B\u00fcrgermeister gew\u00e4hlt. Der derzeitige Amtsimhaber hat bereits \u00f6ffentlich erkl\u00e4rt, dass er nicht mehr antreten wird.<\/p>\n<p>Dies ist eine gro\u00dfe Chance f\u00fcr unsere Gemeinde f\u00fcr eine Neuausrichtung der Kommunalpolitik an den dringenden Erfordernissen unserer Zeit. Ein aktiver Klimaschutz und der Ausbau erneuerbarer Energien werden dabei eine herausragende Rolle spielen.<\/p>\n<p>Die Gr\u00fcnen in Weissach suchen eine engagierte Pers\u00f6nlichkeit, die sich dieser Herausforderung stellen m\u00f6chte.<\/p>\n<p>Wir haben eine kurze Stellenausschreibung erstellt, die <a href=\"https:\/\/gruene-weissach.de\/wp-content\/uploads\/2022\/03\/Buergermeister_gesucht.pdf\" target=\"_blank\" rel=\"noopener\">hier<\/a> heruntergeladen werden kann.<\/p>\n<p>Wir freuen uns \u00fcber interessierte Bewerber*innen!<\/p>\n<p>Unsere Gemeinder\u00e4tin Petra Herter steht f\u00fcr weitere Fragen gerne zur Verf\u00fcgung. Email: petra.herter@posteo.de<\/p>\n<p>&nbsp;<\/p>\n","protected":false},"excerpt":{"rendered":"<p>In Weissach wird im Juli ein neuer B\u00fcrgermeister gew\u00e4hlt. Der [&hellip;]<\/p>\n","protected":false},"author":-1,"featured_media":0,"comment_status":"open","ping_status":"closed","sticky":false,"template":"","format":"standard","meta":{"footnotes":""},"categories":[2,1],"tags":[],"class_list":["post-1195","post","type-post","status-publish","format-standard","hentry","category-aktuell","category-allgemein"],"_links":{"self":[{"href":"https:\/\/gruene-weissach.de\/index.php?rest_route=\/wp\/v2\/posts\/1195","targetHints":{"allow":["GET"]}}],"collection":[{"href":"https:\/\/gruene-weissach.de\/index.php?rest_route=\/wp\/v2\/posts"}],"about":[{"href":"https:\/\/gruene-weissach.de\/index.php?rest_route=\/wp\/v2\/types\/post"}],"author":[{"embeddable":true,"href":"https:\/\/gruene-weissach.de\/index.php?rest_route=\/wp\/v2\/users\/1"}],"replies":[{"embeddable":true,"href":"https:\/\/gruene-weissach.de\/index.php?rest_route=%2Fwp%2Fv2%2Fcomments&post=1195"}],"version-history":[{"count":1,"href":"https:\/\/gruene-weissach.de\/index.php?rest_route=\/wp\/v2\/posts\/1195\/revisions"}],"predecessor-version":[{"id":1196,"href":"https:\/\/gruene-weissach.de\/index.php?rest_route=\/wp\/v2\/posts\/1195\/revisions\/1196"}],"wp:attachment":[{"href":"https:\/\/gruene-weissach.de\/index.php?rest_route=%2Fwp%2Fv2%2Fmedia&parent=1195"}],"wp:term":[{"taxonomy":"category","embeddable":true,"href":"https:\/\/gruene-weissach.de\/index.php?rest_route=%2Fwp%2Fv2%2Fcategories&post=1195"},{"taxonomy":"post_tag","embeddable":true,"href":"https:\/\/gruene-weissach.de\/index.php?rest_route=%2Fwp%2Fv2%2Ftags&post=1195"}],"curies":[{"name":"wp","href":"https:\/\/api.w.org\/{rel}","templated":true}]}}