{"id":1226,"date":"2022-07-15T16:06:02","date_gmt":"2022-07-15T14:06:02","guid":{"rendered":"https:\/\/gruene-weissach.de\/?p=1226"},"modified":"2022-07-15T16:06:02","modified_gmt":"2022-07-15T14:06:02","slug":"buergermeisterwahl-jens-millow-gewaehlt","status":"publish","type":"post","link":"https:\/\/gruene-weissach.de\/?p=1226","title":{"rendered":"B\u00fcrgermeisterwahl: Jens Millow gew\u00e4hlt"},"content":{"rendered":"<p><strong>Wir gratulieren Jens Millow zu seiner Wahl als neuer B\u00fcrgermeister f\u00fcr Weissach!<\/strong><\/p>\n<p>Herr Millow wird Ende September eine &#8222;sanierungsbed\u00fcrftige&#8220; Verwaltung \u00fcbernehmen, die er schnell wieder voll funktionsf\u00e4hig machen muss.<\/p>\n<p>Wir hoffen, dass er dem Klimaschutz oberste Priorit\u00e4t einr\u00e4umen wird, denn hier k\u00f6nnen keine weiteren faule Kompromisse mehr gemacht werden.<\/p>\n<p>F\u00fcr beide Aufgabenfelder w\u00fcnschen wir ihm viel Erfolg und sichern unsere Unterst\u00fctzung zu.<\/p>\n<p>&nbsp;<\/p>\n<p>&nbsp;<\/p>\n","protected":false},"excerpt":{"rendered":"<p>Wir gratulieren Jens Millow zu seiner Wahl als neuer B\u00fcrgermeister [&hellip;]<\/p>\n","protected":false},"author":-1,"featured_media":0,"comment_status":"open","ping_status":"closed","sticky":false,"template":"","format":"standard","meta":{"footnotes":""},"categories":[2,1],"tags":[],"class_list":["post-1226","post","type-post","status-publish","format-standard","hentry","category-aktuell","category-allgemein"],"_links":{"self":[{"href":"https:\/\/gruene-weissach.de\/index.php?rest_route=\/wp\/v2\/posts\/1226","targetHints":{"allow":["GET"]}}],"collection":[{"href":"https:\/\/gruene-weissach.de\/index.php?rest_route=\/wp\/v2\/posts"}],"about":[{"href":"https:\/\/gruene-weissach.de\/index.php?rest_route=\/wp\/v2\/types\/post"}],"author":[{"embeddable":true,"href":"https:\/\/gruene-weissach.de\/index.php?rest_route=\/wp\/v2\/users\/1"}],"replies":[{"embeddable":true,"href":"https:\/\/gruene-weissach.de\/index.php?rest_route=%2Fwp%2Fv2%2Fcomments&post=1226"}],"version-history":[{"count":1,"href":"https:\/\/gruene-weissach.de\/index.php?rest_route=\/wp\/v2\/posts\/1226\/revisions"}],"predecessor-version":[{"id":1227,"href":"https:\/\/gruene-weissach.de\/index.php?rest_route=\/wp\/v2\/posts\/1226\/revisions\/1227"}],"wp:attachment":[{"href":"https:\/\/gruene-weissach.de\/index.php?rest_route=%2Fwp%2Fv2%2Fmedia&parent=1226"}],"wp:term":[{"taxonomy":"category","embeddable":true,"href":"https:\/\/gruene-weissach.de\/index.php?rest_route=%2Fwp%2Fv2%2Fcategories&post=1226"},{"taxonomy":"post_tag","embeddable":true,"href":"https:\/\/gruene-weissach.de\/index.php?rest_route=%2Fwp%2Fv2%2Ftags&post=1226"}],"curies":[{"name":"wp","href":"https:\/\/api.w.org\/{rel}","templated":true}]}}