{"id":1230,"date":"2022-12-29T18:24:48","date_gmt":"2022-12-29T17:24:48","guid":{"rendered":"https:\/\/gruene-weissach.de\/?p=1230"},"modified":"2022-12-29T18:24:48","modified_gmt":"2022-12-29T17:24:48","slug":"neues-aus-der-gruenen-gemeinderatsfraktion-dezember-2022","status":"publish","type":"post","link":"https:\/\/gruene-weissach.de\/?p=1230","title":{"rendered":"Neues aus der Gr\u00fcnen Gemeinderatsfraktion Dezember 2022"},"content":{"rendered":"<p><strong>Moment mal&#8230; schon wieder ein Jahr vorbei? Ja, und was f\u00fcr Eines!<\/strong><br \/>\nMit 2022 geht nach zwei Ausnahmejahren ein wahrhaft weiteres, schwieriges Jahr zu Ende.<br \/>\nBeginnend mit dem russischen Angriffskrieg gegen die Urkaine, der weltweit pers\u00f6nliches und<br \/>\nmenschliches Leid sowie enorme \u00f6konomische und soziale Sch\u00e4den verursacht hat.<br \/>\nIm Laufe des Jahres kamen viele Unw\u00e4gbarkeiten hinzu: Die Energiekrise, anhaltende Inflation<br \/>\nmit steigenden Lebenshaltungskosten, der Fachkr\u00e4ftemangel und Pflegenotstand, um nur einige<br \/>\nzu nennen. Und aktuell stecken wir in der wirtschaftspolitisch schwierigsten Lage seit vielen<br \/>\nJahrzehnten. Wer h\u00e4tte jemals gedacht, dass in einem hochentwickelten Industrieland, wie der<br \/>\nBundesrepublik die Situation derart entgleist. Die Lage ist ernst, die Rahmenbedingungen sind<br \/>\nschwieriger denn je. Nicht f\u00fcr alles, haben wir eine L\u00f6sung, nein, aber wir m\u00fcssen mit<br \/>\nOptimismus an L\u00f6sungen arbeiten.<\/p>\n<p><strong>Moment mal\u2026 was sind unsere Perspektiven 2023?<\/strong><br \/>\nIm Juli diesen Jahres wurde ein zukunftsweisender Schritt f\u00fcr Weissach und Flacht getan:<br \/>\nSie haben einen neuen B\u00fcrgermeister mit einem klaren Ergebnis gew\u00e4hlt.<br \/>\n<strong>Nat\u00fcrlich sagen wir Herrn Millow bei seinen herausfordernden Aufgaben volle<\/strong><br \/>\n<strong>Unterst\u00fctzung zu.<\/strong> Vorrangiges Ziel muss sein, wieder eine starke, funktionsf\u00e4hige und<br \/>\ndienstleistungsorientierte Verwaltung herzustellen. Und das scheint zu gelingen. Viele Stellen<br \/>\nkonnten bereits wieder besetzt werden bzw. k\u00f6nnen im 1. Quartal 2023 besetzt werden. <strong>Es ist<\/strong><br \/>\n<strong>sehr gut, dass die Verwaltung wieder \u201cvoll fuktionsf\u00e4hig\u201d wird und mit vereinten Kr\u00e4ften<\/strong><br \/>\n<strong>wichtige liegengebliebene Themen nun endlich voranbringen kann.<\/strong> Das freut uns sehr.<br \/>\nZu den weiteren \u201cbrennende\u201d Themen, die absolute Priorit\u00e4t haben, geh\u00f6rt eine deutliche<br \/>\nVerbesserung der Situation in unseren Kindertageseinrichtungen. <strong>Es muss f\u00fcr alle Kinder<\/strong><br \/>\n<strong>einen Kita-Platz geben, die Betreuungszeiten m\u00fcssen wieder im gewohnten Umfang<\/strong><br \/>\n<strong>erfolgen, was durch kreative Ideen, organisatorische Ver\u00e4nderungen und einer zwingend<\/strong><br \/>\n<strong>weiteren Personalgewinngung gelingen muss.<\/strong><\/p>\n<p>Einem Neubeginn in allen Bereichen und Sachthemen stehen wir unver\u00e4ndert positiv gegen\u00fcber,<br \/>\nwobei unsere Fraktion Ihr Augenmerk weiter auf die Entwicklung einer nachhaltigen und<br \/>\nzukunftsf\u00e4higen Gemeinde legen wird. Ideen und Visionen sind gefragt.<br \/>\nEs ist wichtig, mit Blick auf die weitere Nutzung von Innenentwicklungspotentialen und der damit<br \/>\neinhergehenden Verbesserung der Fl\u00e4cheneffizienz, einen aktuellen \u00dcberblick \u00fcber die<br \/>\nLeerst\u00e4nde und das potentiell entstehende Angebot, aufgrund der Altersstruktur der<br \/>\nWohnbev\u00f6lkerung bis 2040 zu erhalten. <strong>Gleichzeitig ist es dringend notwendig, ein Angebot von<\/strong><br \/>\n<strong>seniorengerechtem Wohnraum, mit m\u00f6glichem Pflegeangebot in zentralen Lagen zu<\/strong><br \/>\n<strong>schaffen.<\/strong> Dieses Angebot ist in unserer Gemeinde v\u00f6llig unzureichend. Es ist daher eine<br \/>\nAufgabe und Herausforderung, hierf\u00fcr zeitnah Quartiere zu schaffen. F\u00fcr uns ein zwingend<br \/>\nerforderlicher Schritt in die richtige Richtung einer modernen, kommunalen Wohnraumpolitik.<\/p>\n<p>Im September konnten, nach den guten,bisherigen Erfahrungen weitere vier Liegenschaften mit<br \/>\nsog. \u201csmarten Heizk\u00f6rperthermostaten \u201causgestattet werden. Hiermit kann eine Einsparung von<br \/>\nrd. 25% der fossilen Brennstoffe der Heizung je Geb\u00e4ude erfolgen. Den relativ geringen<br \/>\nAusgaben steht damit ein hohes Kosteneinsparpotential entgegen. Eine sehr gute Sache.<br \/>\nAuf massive Einsparungen durch Nutzung regenerativer Energien muss nun, mehr denn je, der<br \/>\nFokus gelegt werden. <strong>Die Energiekrise fordert eine rasche Energiewende.<\/strong> Die Kommunen<br \/>\nm\u00fcssen Ihre Hausaufgaben machen und sind zum Handeln gezwungen.<\/p>\n<p><strong>Nicht morgen, sondern jetzt!<\/strong> Die Investitionen werden sich in jeder Hinsicht auszahlen, denn<br \/>\nKlimaschutz ist Menschenschutz und wir m\u00fcssen unserer Verantwortung f\u00fcr die nachfolgenden<br \/>\nGenerationen Gerecht werden. <strong>Von den Investitionen heute profitieren wir morgen! Mit<\/strong><br \/>\n<strong>unserem Klimaschutzmangager, Herr Karczag, sind wir \u00fcberzeugt, dass uns dies gelingt.<\/strong><br \/>\nDie Gasmangellage hat die Verwaltung quasi gezwungen, hierzu ein Konzept zu entwickeln.<br \/>\nMit Hochdruck wurde an einem Gasnotfallplan und dem l\u00e4ngst \u00fcberf\u00e4lligen Katastrophenschutzplan<br \/>\ngearbeitet, der uns im Oktober vorgestellt wurde.<br \/>\nHierzu geh\u00f6rt auch die Anschaffung von drei Notstromaggregaten um die kritische Infrastruktur<br \/>\nzeitweise unabh\u00e4ngig von Gas und Strom zu betreiben- aus unserer Sicht l\u00e4ngst notwendig. Die<br \/>\nFolgen des Klimawandels lassen bef\u00fcrchten, dass wir auch die Feuerwehr in Zukunft mehr denn<br \/>\nje brauchen werden. Extreme Wetterereignisse werden deutlich h\u00e4ufiger auftreten und unsere<br \/>\nFeuerwehren vor gro\u00dfe Herausforderungen stellen. Daher m\u00fcssen wir daf\u00fcr sorgen, dass die<br \/>\nFeuerwehr und Rettungsdienste personell und technisch stets sehr gut aufgestellt sind. Die<br \/>\nvielen Ehrenamtlichen leisten einen unheimlich wichtigen Beitrag zum Schutz der Bev\u00f6lkerung.<br \/>\n<strong>Pr\u00e4ventiv muss aber endlich die Umsetzung des Starkregenrisikomanagements und<\/strong><br \/>\n<strong>Hochwasserschutzes zeitnah erfolgen, auch mit Blick auf die Gestaltung und Umsetzung<\/strong><br \/>\n<strong>der Ortsmitte Weissach, die bis dahin leider \u201cauf Eis liegt\u201d.<\/strong> Dies fordern wir bereits seit 2019.<\/p>\n<p>Zuletzt hoffen auf einen weiteren respektvollen, offenen und ehrlichen Austausch zwischen<br \/>\nVerwaltung und Gemeinderat. Wie erwarten eine umfassende Transparenz und Informationsweitergabe<br \/>\nin allen relevanter Sachthemen. Wir freuen uns auf die konstruktive Zusammenarbeit<br \/>\nund auf ein gutes Miteinander 2023. Lassen Sie uns alle, trotz des unsicheren und schwierigen<br \/>\nGesamtsituation, gemeinsam optimistisch und hoffnungsvoll in die Zukunft blicken. Lassen Sie<br \/>\nuns das Beste daraus machen.<\/p>\n<p><strong>Ein \u201cdickes Dankesch\u00f6n\u201d noch allen Mitarbeiter*innen der Verwaltung f\u00fcr das gro\u00dfe<\/strong><br \/>\n<strong>Engagement in diesem besonders anstrengenden Jahr.<\/strong><\/p>\n<p><strong>Moment mal\u2026 was w\u00fcnschen wir uns f\u00fcr Sie?<\/strong><br \/>\nManchmal braucht es einen Moment der Stille, um wieder das Wesentliche zu h\u00f6ren.<br \/>\n<strong>Einen Moment<\/strong> mit geschlossenen Augen, um wieder klar zu sehen.<br \/>\n<strong>Einen Moment<\/strong> auf das Herz h\u00f6ren und das Leben wieder sp\u00fcren.<br \/>\n<strong>Einen Moment<\/strong> des R\u00fcckzugs um wieder stark zu werden.<br \/>\nSolche Momente und viele tolle Momente 2023, verbunden mit sch\u00f6nen Momenten f\u00fcr die<br \/>\nWeihnachtsfeiertage w\u00fcnscht Ihnen von Herzen<\/p>\n<p>Ihre GR\u00dcNE Gemeinderatsfraktion<br \/>\nDr. Angelika Br\u00fcmmer, Barbara Fauth, Pierre Michael und Petra Herter<\/p>\n<p>&nbsp;<\/p>\n","protected":false},"excerpt":{"rendered":"<p>Moment mal&#8230; schon wieder ein Jahr vorbei? Ja, und was [&hellip;]<\/p>\n","protected":false},"author":-1,"featured_media":0,"comment_status":"open","ping_status":"closed","sticky":false,"template":"","format":"standard","meta":{"footnotes":""},"categories":[2,1],"tags":[],"class_list":["post-1230","post","type-post","status-publish","format-standard","hentry","category-aktuell","category-allgemein"],"_links":{"self":[{"href":"https:\/\/gruene-weissach.de\/index.php?rest_route=\/wp\/v2\/posts\/1230","targetHints":{"allow":["GET"]}}],"collection":[{"href":"https:\/\/gruene-weissach.de\/index.php?rest_route=\/wp\/v2\/posts"}],"about":[{"href":"https:\/\/gruene-weissach.de\/index.php?rest_route=\/wp\/v2\/types\/post"}],"author":[{"embeddable":true,"href":"https:\/\/gruene-weissach.de\/index.php?rest_route=\/wp\/v2\/users\/1"}],"replies":[{"embeddable":true,"href":"https:\/\/gruene-weissach.de\/index.php?rest_route=%2Fwp%2Fv2%2Fcomments&post=1230"}],"version-history":[{"count":1,"href":"https:\/\/gruene-weissach.de\/index.php?rest_route=\/wp\/v2\/posts\/1230\/revisions"}],"predecessor-version":[{"id":1231,"href":"https:\/\/gruene-weissach.de\/index.php?rest_route=\/wp\/v2\/posts\/1230\/revisions\/1231"}],"wp:attachment":[{"href":"https:\/\/gruene-weissach.de\/index.php?rest_route=%2Fwp%2Fv2%2Fmedia&parent=1230"}],"wp:term":[{"taxonomy":"category","embeddable":true,"href":"https:\/\/gruene-weissach.de\/index.php?rest_route=%2Fwp%2Fv2%2Fcategories&post=1230"},{"taxonomy":"post_tag","embeddable":true,"href":"https:\/\/gruene-weissach.de\/index.php?rest_route=%2Fwp%2Fv2%2Ftags&post=1230"}],"curies":[{"name":"wp","href":"https:\/\/api.w.org\/{rel}","templated":true}]}}