{"id":1301,"date":"2023-05-26T12:36:37","date_gmt":"2023-05-26T10:36:37","guid":{"rendered":"https:\/\/gruene-weissach.de\/?p=1301"},"modified":"2023-05-26T12:36:37","modified_gmt":"2023-05-26T10:36:37","slug":"waermepumpe-und-co-wirklich-unbezahlbar","status":"publish","type":"post","link":"https:\/\/gruene-weissach.de\/?p=1301","title":{"rendered":"W\u00e4rmepumpe und Co: WIRKLICH unbezahlbar?"},"content":{"rendered":"<p><span class=\"yt-core-attributed-string yt-core-attributed-string--white-space-pre-wrap\">Unsere W\u00e4rme muss sauber werden! Doch die Emotionen kochen hoch und viele fragen sich: kann ich mir das \u00fcberhaupt leisten? <\/span><\/p>\n<p><span class=\"yt-core-attributed-string yt-core-attributed-string--white-space-pre-wrap\">Muss ich jetzt meine Heizung austauschen und eine W\u00e4rmepumpe installieren? Was ist eine Fernw\u00e4rme Heizung? Und was mache ich als Mieter oder Mieterin in der Stadt? Wir zeigen euch, warum wir mit dem Umbau auf klimafreundliches Heizen jetzt beginnen m\u00fcssen, dabei aber niemand arm werden darf. Im Interview gibt Katharina Dr\u00f6ge Antworten, welche staatliche F\u00f6rderung es jetzt f\u00fcr wen gibt.<\/span><\/p>\n<p>Hier geht es zu dem sehenswerten Video: <a href=\"https:\/\/www.youtube.com\/watch?v=ubc1R_HWM4E\" target=\"_blank\" rel=\"noopener\">https:\/\/www.youtube.com\/watch?v=ubc1R_HWM4E<\/a><\/p>\n<p>Viel Spa\u00df!<\/p>\n<p>&nbsp;<\/p>\n","protected":false},"excerpt":{"rendered":"<p>Unsere W\u00e4rme muss sauber werden! Doch die Emotionen kochen hoch [&hellip;]<\/p>\n","protected":false},"author":-1,"featured_media":0,"comment_status":"open","ping_status":"closed","sticky":false,"template":"","format":"standard","meta":{"footnotes":""},"categories":[2,1],"tags":[27,28,26],"class_list":["post-1301","post","type-post","status-publish","format-standard","hentry","category-aktuell","category-allgemein","tag-bezahlbar","tag-gebaeude-energie-gesetz","tag-waermepumpe"],"_links":{"self":[{"href":"https:\/\/gruene-weissach.de\/index.php?rest_route=\/wp\/v2\/posts\/1301","targetHints":{"allow":["GET"]}}],"collection":[{"href":"https:\/\/gruene-weissach.de\/index.php?rest_route=\/wp\/v2\/posts"}],"about":[{"href":"https:\/\/gruene-weissach.de\/index.php?rest_route=\/wp\/v2\/types\/post"}],"author":[{"embeddable":true,"href":"https:\/\/gruene-weissach.de\/index.php?rest_route=\/wp\/v2\/users\/1"}],"replies":[{"embeddable":true,"href":"https:\/\/gruene-weissach.de\/index.php?rest_route=%2Fwp%2Fv2%2Fcomments&post=1301"}],"version-history":[{"count":1,"href":"https:\/\/gruene-weissach.de\/index.php?rest_route=\/wp\/v2\/posts\/1301\/revisions"}],"predecessor-version":[{"id":1302,"href":"https:\/\/gruene-weissach.de\/index.php?rest_route=\/wp\/v2\/posts\/1301\/revisions\/1302"}],"wp:attachment":[{"href":"https:\/\/gruene-weissach.de\/index.php?rest_route=%2Fwp%2Fv2%2Fmedia&parent=1301"}],"wp:term":[{"taxonomy":"category","embeddable":true,"href":"https:\/\/gruene-weissach.de\/index.php?rest_route=%2Fwp%2Fv2%2Fcategories&post=1301"},{"taxonomy":"post_tag","embeddable":true,"href":"https:\/\/gruene-weissach.de\/index.php?rest_route=%2Fwp%2Fv2%2Ftags&post=1301"}],"curies":[{"name":"wp","href":"https:\/\/api.w.org\/{rel}","templated":true}]}}