{"id":1304,"date":"2023-06-02T11:59:41","date_gmt":"2023-06-02T09:59:41","guid":{"rendered":"https:\/\/gruene-weissach.de\/?p=1304"},"modified":"2023-06-02T12:04:25","modified_gmt":"2023-06-02T10:04:25","slug":"mit-dem-nachtzug-quer-durch-europa","status":"publish","type":"post","link":"https:\/\/gruene-weissach.de\/?p=1304","title":{"rendered":"Mit dem Nachtzug quer durch Europa"},"content":{"rendered":"<p><b><span data-contrast=\"auto\">Ein Faltplan f\u00fcr eure n\u00e4chste Europa-Reise. Klimafreundlich und im Schlaf<\/span><\/b><span data-ccp-props=\"{&quot;201341983&quot;:0,&quot;335559740&quot;:259}\">\u00a0<\/span><\/p>\n<p>https:\/\/danielfreund.eu\/nachtzugkarte\/<\/p>\n<p><b><span data-contrast=\"auto\">Die Nachtzug-Renaissance ist in vollem Gange!<\/span><\/b><span data-contrast=\"auto\"> Es ist in den vergangenen drei Jahren sehr viel leichter geworden, nachts per Zug durch Europa zu fahren. Inzwischen gibt es rund 200 Nachtzugverbindungen. So kommen wir inzwischen \u00fcber Nacht von Stuttgart nach Zagreb oder von Wien nach Br\u00fcssel. Etliche weitere Routen seht ihr hier auf der Karte, die unsere Verkehrspolitikerin im Europaparlament, Anna Deparnay-Grunenberg, und ich entworfen haben.<\/span><\/p>\n<p><b><span data-contrast=\"auto\">Entspannt in die Sonne (oder in die Berge):\u00a0<\/span><\/b><span data-ccp-props=\"{&quot;201341983&quot;:0,&quot;335559740&quot;:259}\">\u00a0<\/span><\/p>\n<p><span data-contrast=\"auto\">Ob Brindisi, Stockholm oder Innsbruck \u2013 Wer klimafreundlich reisen will, muss auf den Urlaub an der Adria, am Atlantik oder in den Alpen nicht verzichten. Nachtz\u00fcge fahren inzwischen auch an viele Urlaubsorte. Und sie verbinden zahlreiche europ\u00e4ische Hauptst\u00e4dte. Ob Arbeit, Urlaub oder Freund*innen-Besuch. Der Nachtzug ist die oft die beste Wahl.<\/span><span data-ccp-props=\"{&quot;201341983&quot;:0,&quot;335559740&quot;:259}\">\u00a0<\/span><\/p>\n<p><b><span data-contrast=\"auto\">Klimaschutz im Schlaf<\/span><\/b><span data-contrast=\"auto\">: Das ist nicht nur deutlich besser f\u00fcr das Klima, sondern spart auch Zeit. Wer abends in Freiburg einschl\u00e4ft, wacht am n\u00e4chsten Morgen entspannt im Herzen von Hamburg auf.\u00a0<\/span><span data-ccp-props=\"{&quot;201341983&quot;:0,&quot;335559740&quot;:259}\">\u00a0<\/span><\/p>\n<p><b><span data-contrast=\"auto\">Falt- statt Flugplan:<\/span><\/b><span data-contrast=\"auto\"> Beim Auffalten dieser Karte zeigt sich, dass der Nachtzug durch Europa keine Vision aus einem spannenden Kriminalroman ist, sondern buchbare Realit\u00e4t! Also viel Spa\u00df beim Planen! Wir k\u00e4mpfen unterdessen im Europ\u00e4ischen Parlament daf\u00fcr, dass das Nachtzugnetz weiter ausgebaut wird und die Verbindungen endlich g\u00fcnstiger werden.<\/span><span data-ccp-props=\"{&quot;201341983&quot;:0,&quot;335559740&quot;:259}\">\u00a0<\/span><span data-ccp-props=\"{&quot;201341983&quot;:0,&quot;335559740&quot;:259}\">\u00a0<\/span><\/p>\n<p><span data-contrast=\"auto\">Beste europ\u00e4ische Gr\u00fc\u00dfe<\/span><span data-ccp-props=\"{&quot;201341983&quot;:0,&quot;335559740&quot;:259}\">\u00a0<\/span><\/p>\n<p><span data-contrast=\"auto\">Anna &amp; Daniel<\/span><span data-ccp-props=\"{&quot;201341983&quot;:0,&quot;335559740&quot;:259}\">\u00a0<\/span><\/p>\n<p>&nbsp;<\/p>\n","protected":false},"excerpt":{"rendered":"<p>Ein Faltplan f\u00fcr eure n\u00e4chste Europa-Reise. Klimafreundlich und im Schlaf\u00a0 [&hellip;]<\/p>\n","protected":false},"author":-1,"featured_media":1303,"comment_status":"open","ping_status":"closed","sticky":false,"template":"","format":"standard","meta":{"footnotes":""},"categories":[2,1],"tags":[],"class_list":["post-1304","post","type-post","status-publish","format-standard","has-post-thumbnail","hentry","category-aktuell","category-allgemein"],"_links":{"self":[{"href":"https:\/\/gruene-weissach.de\/index.php?rest_route=\/wp\/v2\/posts\/1304","targetHints":{"allow":["GET"]}}],"collection":[{"href":"https:\/\/gruene-weissach.de\/index.php?rest_route=\/wp\/v2\/posts"}],"about":[{"href":"https:\/\/gruene-weissach.de\/index.php?rest_route=\/wp\/v2\/types\/post"}],"author":[{"embeddable":true,"href":"https:\/\/gruene-weissach.de\/index.php?rest_route=\/wp\/v2\/users\/1"}],"replies":[{"embeddable":true,"href":"https:\/\/gruene-weissach.de\/index.php?rest_route=%2Fwp%2Fv2%2Fcomments&post=1304"}],"version-history":[{"count":4,"href":"https:\/\/gruene-weissach.de\/index.php?rest_route=\/wp\/v2\/posts\/1304\/revisions"}],"predecessor-version":[{"id":1309,"href":"https:\/\/gruene-weissach.de\/index.php?rest_route=\/wp\/v2\/posts\/1304\/revisions\/1309"}],"wp:featuredmedia":[{"embeddable":true,"href":"https:\/\/gruene-weissach.de\/index.php?rest_route=\/wp\/v2\/media\/1303"}],"wp:attachment":[{"href":"https:\/\/gruene-weissach.de\/index.php?rest_route=%2Fwp%2Fv2%2Fmedia&parent=1304"}],"wp:term":[{"taxonomy":"category","embeddable":true,"href":"https:\/\/gruene-weissach.de\/index.php?rest_route=%2Fwp%2Fv2%2Fcategories&post=1304"},{"taxonomy":"post_tag","embeddable":true,"href":"https:\/\/gruene-weissach.de\/index.php?rest_route=%2Fwp%2Fv2%2Ftags&post=1304"}],"curies":[{"name":"wp","href":"https:\/\/api.w.org\/{rel}","templated":true}]}}