{"id":1316,"date":"2023-07-24T18:10:08","date_gmt":"2023-07-24T16:10:08","guid":{"rendered":"https:\/\/gruene-weissach.de\/?p=1316"},"modified":"2023-07-24T18:10:08","modified_gmt":"2023-07-24T16:10:08","slug":"bericht-vom-gruenen-sommerfest-am-21-juli","status":"publish","type":"post","link":"https:\/\/gruene-weissach.de\/?p=1316","title":{"rendered":"Bericht vom Gr\u00fcnen Sommerfest am 21. Juli"},"content":{"rendered":"<p>Letzten Freitag trafen wir uns zusammen mit den Gr\u00fcnen Rutesheim zu unserem Sommerfest an der Vorbergblickh\u00fctte. Kaum hatten wir unser Essen und die Getr\u00e4nke ausgeladen, wurden wir auch schon von einem Regenschauer &#8222;begr\u00fc\u00dft&#8220;. Zum Gl\u00fcck konnten wir uns in die H\u00fctte zur\u00fcckziehen und dort in aller Ruhe Kaffee, Tee und Kuchen geniessen.<\/p>\n<p>Nach dem Regen zeigte sich dann wieder die Sonne und wir konnten es uns im Freien gem\u00fctlich machen. Schnell war die Crepes-Maschine in Betrieb und wir konnten uns mit leckeren s\u00fc\u00dfen und salzigen Crepes st\u00e4rken. In verschiedenen Gespr\u00e4chsrunden wurden aktuelle kommunalpolitische Themen, wie Energiewende (Windkraft!), Verkehr, Wohnraumentwicklung, Stadterneuerung, usw. diskutiert, aber auch der private Plausch kam nicht zu kurz.<\/p>\n<p>Dann kam auch noch unser Landtagsabgeordneter Peter Seimer zu uns, den wir herzlich begr\u00fc\u00dften. Jetzt konnten wir unsere Fragen zur Landespolitik los werden, die uns Peter mit interessanten Einblicken in den &#8222;Maschinenraum&#8220; der Landesregierung beantworten konnte. Nach einer kleinen Fotorunde sa\u00dfen wir noch bis zum Sonnenuntergang vor der Vorbergblickh\u00fctte und genossen bei frischen Wraps die friedliche Natur um uns herum. Ein herzliches Dankesch\u00f6n an alle fleissigen Helfer*innen!<\/p>\n<p><strong>Fazit: Ein gelungenes Sommerfest mit guten Gespr\u00e4chen und einem gerne angenommenen Regenschauer.<\/strong><\/p>\n<figure id=\"attachment_1318\" aria-describedby=\"caption-attachment-1318\" style=\"width: 400px\" class=\"wp-caption alignleft\"><a href=\"https:\/\/gruene-weissach.de\/wp-content\/uploads\/2023\/07\/20230721_184550fhd.jpg\"><img loading=\"lazy\" decoding=\"async\" class=\"size-medium wp-image-1318\" src=\"https:\/\/gruene-weissach.de\/wp-content\/uploads\/2023\/07\/20230721_184550fhd-400x300.jpg\" alt=\"\" width=\"400\" height=\"300\" srcset=\"https:\/\/gruene-weissach.de\/wp-content\/uploads\/2023\/07\/20230721_184550fhd-400x300.jpg 400w, https:\/\/gruene-weissach.de\/wp-content\/uploads\/2023\/07\/20230721_184550fhd-800x600.jpg 800w, https:\/\/gruene-weissach.de\/wp-content\/uploads\/2023\/07\/20230721_184550fhd-768x576.jpg 768w, https:\/\/gruene-weissach.de\/wp-content\/uploads\/2023\/07\/20230721_184550fhd-1536x1152.jpg 1536w, https:\/\/gruene-weissach.de\/wp-content\/uploads\/2023\/07\/20230721_184550fhd.jpg 1920w\" sizes=\"auto, (max-width: 400px) 100vw, 400px\" \/><\/a><figcaption id=\"caption-attachment-1318\" class=\"wp-caption-text\">Gruppenfoto mit Hund<\/figcaption><\/figure>\n<p>&nbsp;<\/p>\n<p>&nbsp;<\/p>\n<p>&nbsp;<\/p>\n<p>&nbsp;<\/p>\n<p>&nbsp;<\/p>\n<p>&nbsp;<\/p>\n<p>&nbsp;<\/p>\n<p>&nbsp;<\/p>\n<p>&nbsp;<\/p>\n<figure id=\"attachment_1317\" aria-describedby=\"caption-attachment-1317\" style=\"width: 400px\" class=\"wp-caption alignleft\"><a href=\"https:\/\/gruene-weissach.de\/wp-content\/uploads\/2023\/07\/20230721_191837fhd.jpg\"><img loading=\"lazy\" decoding=\"async\" class=\"size-medium wp-image-1317\" src=\"https:\/\/gruene-weissach.de\/wp-content\/uploads\/2023\/07\/20230721_191837fhd-400x300.jpg\" alt=\"\" width=\"400\" height=\"300\" srcset=\"https:\/\/gruene-weissach.de\/wp-content\/uploads\/2023\/07\/20230721_191837fhd-400x300.jpg 400w, https:\/\/gruene-weissach.de\/wp-content\/uploads\/2023\/07\/20230721_191837fhd-800x600.jpg 800w, https:\/\/gruene-weissach.de\/wp-content\/uploads\/2023\/07\/20230721_191837fhd-768x576.jpg 768w, https:\/\/gruene-weissach.de\/wp-content\/uploads\/2023\/07\/20230721_191837fhd-1536x1152.jpg 1536w, https:\/\/gruene-weissach.de\/wp-content\/uploads\/2023\/07\/20230721_191837fhd.jpg 1920w\" sizes=\"auto, (max-width: 400px) 100vw, 400px\" \/><\/a><figcaption id=\"caption-attachment-1317\" class=\"wp-caption-text\">Foto mit unserem MdL Peter Seimer<\/figcaption><\/figure>\n<p>&nbsp;<\/p>\n<p>&nbsp;<\/p>\n<p>&nbsp;<\/p>\n<p>&nbsp;<\/p>\n<p>&nbsp;<\/p>\n<p>&nbsp;<\/p>\n<p>&nbsp;<\/p>\n<p>&nbsp;<\/p>\n<p>&nbsp;<\/p>\n<p>&nbsp;<\/p>\n","protected":false},"excerpt":{"rendered":"<p>Letzten Freitag trafen wir uns zusammen mit den Gr\u00fcnen Rutesheim [&hellip;]<\/p>\n","protected":false},"author":-1,"featured_media":0,"comment_status":"open","ping_status":"closed","sticky":false,"template":"","format":"standard","meta":{"footnotes":""},"categories":[2,1],"tags":[30,31,29],"class_list":["post-1316","post","type-post","status-publish","format-standard","hentry","category-aktuell","category-allgemein","tag-gruenes-sommerfest","tag-peter-seimer-in-weissach","tag-sommerfest"],"_links":{"self":[{"href":"https:\/\/gruene-weissach.de\/index.php?rest_route=\/wp\/v2\/posts\/1316","targetHints":{"allow":["GET"]}}],"collection":[{"href":"https:\/\/gruene-weissach.de\/index.php?rest_route=\/wp\/v2\/posts"}],"about":[{"href":"https:\/\/gruene-weissach.de\/index.php?rest_route=\/wp\/v2\/types\/post"}],"author":[{"embeddable":true,"href":"https:\/\/gruene-weissach.de\/index.php?rest_route=\/wp\/v2\/users\/1"}],"replies":[{"embeddable":true,"href":"https:\/\/gruene-weissach.de\/index.php?rest_route=%2Fwp%2Fv2%2Fcomments&post=1316"}],"version-history":[{"count":1,"href":"https:\/\/gruene-weissach.de\/index.php?rest_route=\/wp\/v2\/posts\/1316\/revisions"}],"predecessor-version":[{"id":1319,"href":"https:\/\/gruene-weissach.de\/index.php?rest_route=\/wp\/v2\/posts\/1316\/revisions\/1319"}],"wp:attachment":[{"href":"https:\/\/gruene-weissach.de\/index.php?rest_route=%2Fwp%2Fv2%2Fmedia&parent=1316"}],"wp:term":[{"taxonomy":"category","embeddable":true,"href":"https:\/\/gruene-weissach.de\/index.php?rest_route=%2Fwp%2Fv2%2Fcategories&post=1316"},{"taxonomy":"post_tag","embeddable":true,"href":"https:\/\/gruene-weissach.de\/index.php?rest_route=%2Fwp%2Fv2%2Ftags&post=1316"}],"curies":[{"name":"wp","href":"https:\/\/api.w.org\/{rel}","templated":true}]}}