{"id":1322,"date":"2023-09-10T17:23:41","date_gmt":"2023-09-10T15:23:41","guid":{"rendered":"https:\/\/gruene-weissach.de\/?p=1322"},"modified":"2023-09-10T17:23:41","modified_gmt":"2023-09-10T15:23:41","slug":"gruene-weissachflacht-stellen-weichen-fuer-die-zukunft","status":"publish","type":"post","link":"https:\/\/gruene-weissach.de\/?p=1322","title":{"rendered":"Gr\u00fcne Weissach+Flacht stellen Weichen f\u00fcr die Zukunft"},"content":{"rendered":"<h3 class=\"western\" lang=\"de-DE\">Wechsel im Vorsitz der Gemeinderatsfraktion von Petra Herter zu Pierre Michael<\/h3>\n<p>Beim letzten Treffen der Gr\u00fcnen am 6. September gab Petra Herter bekannt, dass sie den Vorsitz der Gr\u00fcnen Gemeinderatsfraktion an Pierre Michael \u00fcbergeben wird. Sie befindet sich in einer neuen beruflichen Ausrichtung, die in den n\u00e4chsten Jahren ihren vollen Einsatz erfordern wird. Zugleich betonte sie, dass sie weiterhin die Gr\u00fcnen aktiv unterst\u00fctzen und ihr Gemeinderats-mandat aus\u00fcben wird. Die \u00dcbergabe an Pierre Michael gew\u00e4hrleistet eine nahtlose Fortsetzung der Gemeindratsarbeit und sorgt f\u00fcr Transparenz bei den B\u00fcrgerinnen und B\u00fcrger. Pierre Michael dankte Petra Herter f\u00fcr ihren gro\u00dfen Einsatz und die stets souver\u00e4ne F\u00fchrung der Gr\u00fcnen Gemeinderatsfraktion. Er stellte fest, dass Petra Herter einen \u201egro\u00dfen kommunalpolitischen Fu\u00dfabdruck\u201c hinterl\u00e4sst, den es zu f\u00fcllen gilt. Als kleinen Dank f\u00fcr die geleistete Arbeit \u00fcberreichte er einen Blumenstrau\u00df und kulinarischen Geschenkgutschein an Petra Herter.<\/p>\n<p lang=\"de-DE\"><a href=\"https:\/\/gruene-weissach.de\/wp-content\/uploads\/2023\/09\/IMG_20230906_195410fhd.jpg\"><img loading=\"lazy\" decoding=\"async\" class=\"alignleft size-medium wp-image-1324\" src=\"https:\/\/gruene-weissach.de\/wp-content\/uploads\/2023\/09\/IMG_20230906_195410fhd-400x300.jpg\" alt=\"\" width=\"400\" height=\"300\" srcset=\"https:\/\/gruene-weissach.de\/wp-content\/uploads\/2023\/09\/IMG_20230906_195410fhd-400x300.jpg 400w, https:\/\/gruene-weissach.de\/wp-content\/uploads\/2023\/09\/IMG_20230906_195410fhd-800x600.jpg 800w, https:\/\/gruene-weissach.de\/wp-content\/uploads\/2023\/09\/IMG_20230906_195410fhd-768x576.jpg 768w, https:\/\/gruene-weissach.de\/wp-content\/uploads\/2023\/09\/IMG_20230906_195410fhd-1536x1152.jpg 1536w, https:\/\/gruene-weissach.de\/wp-content\/uploads\/2023\/09\/IMG_20230906_195410fhd.jpg 1920w\" sizes=\"auto, (max-width: 400px) 100vw, 400px\" \/><\/a><\/p>\n<h3 lang=\"de-DE\">Die Vorbereitungen f\u00fcr 2024 laufen<\/h3>\n<p>Die Gr\u00fcnen haben ihren Fahrplan f\u00fcr die Gemeinderatswahlen in 2024 aufgestellt. Neben einer \u00fcberzeugenden Kandidat*innenliste wird in guter Gr\u00fcner Tradition an den kommunalpolitischen Themen gearbeitet, mit denen die W\u00e4hler*innen erreicht werden sollen. Weitere \u00f6ffentliche Veranstaltungen werden im Herbst folgen, um in den Dialog mit den B\u00fcrger*innen zu treten.<\/p>\n<p>Eure GR\u00dcNE Gemeinderatsfraktion<br \/>\nDr. Angelika Br\u00fcmmer, Barbara Fauth, Pierre Michael und Petra Herter<\/p>\n<p>&nbsp;<\/p>\n","protected":false},"excerpt":{"rendered":"<p>Wechsel im Vorsitz der Gemeinderatsfraktion von Petra Herter zu Pierre [&hellip;]<\/p>\n","protected":false},"author":-1,"featured_media":0,"comment_status":"open","ping_status":"closed","sticky":false,"template":"","format":"standard","meta":{"footnotes":""},"categories":[2,1],"tags":[],"class_list":["post-1322","post","type-post","status-publish","format-standard","hentry","category-aktuell","category-allgemein"],"_links":{"self":[{"href":"https:\/\/gruene-weissach.de\/index.php?rest_route=\/wp\/v2\/posts\/1322","targetHints":{"allow":["GET"]}}],"collection":[{"href":"https:\/\/gruene-weissach.de\/index.php?rest_route=\/wp\/v2\/posts"}],"about":[{"href":"https:\/\/gruene-weissach.de\/index.php?rest_route=\/wp\/v2\/types\/post"}],"author":[{"embeddable":true,"href":"https:\/\/gruene-weissach.de\/index.php?rest_route=\/wp\/v2\/users\/1"}],"replies":[{"embeddable":true,"href":"https:\/\/gruene-weissach.de\/index.php?rest_route=%2Fwp%2Fv2%2Fcomments&post=1322"}],"version-history":[{"count":5,"href":"https:\/\/gruene-weissach.de\/index.php?rest_route=\/wp\/v2\/posts\/1322\/revisions"}],"predecessor-version":[{"id":1328,"href":"https:\/\/gruene-weissach.de\/index.php?rest_route=\/wp\/v2\/posts\/1322\/revisions\/1328"}],"wp:attachment":[{"href":"https:\/\/gruene-weissach.de\/index.php?rest_route=%2Fwp%2Fv2%2Fmedia&parent=1322"}],"wp:term":[{"taxonomy":"category","embeddable":true,"href":"https:\/\/gruene-weissach.de\/index.php?rest_route=%2Fwp%2Fv2%2Fcategories&post=1322"},{"taxonomy":"post_tag","embeddable":true,"href":"https:\/\/gruene-weissach.de\/index.php?rest_route=%2Fwp%2Fv2%2Ftags&post=1322"}],"curies":[{"name":"wp","href":"https:\/\/api.w.org\/{rel}","templated":true}]}}