{"id":1332,"date":"2023-10-04T17:39:19","date_gmt":"2023-10-04T15:39:19","guid":{"rendered":"https:\/\/gruene-weissach.de\/?p=1332"},"modified":"2023-10-04T20:39:12","modified_gmt":"2023-10-04T18:39:12","slug":"wir-wollen-auch-bei-der-kommunalwahl-2024-wieder-antreten-sei-mit-dabei","status":"publish","type":"post","link":"https:\/\/gruene-weissach.de\/?p=1332","title":{"rendered":"Wir wollen auch bei der Kommunalwahl 2024 wieder antreten \u2013 Sei mit dabei!"},"content":{"rendered":"<p class=\"western\" lang=\"de-DE\"><span style=\"color: #000000;\"><strong>Am 09. Juni 2024 wird in unserer Gemeinde ein neuer Gemeinderat gew\u00e4hlt. Der Ortsverband von B\u00dcNDNIS 90\/DIE GR\u00dcNEN m\u00f6chte auch f\u00fcr die kommende Amtsperiode wieder eine starke Fraktion im Gemeinderat stellen!<\/strong> <\/span><\/p>\n<p class=\"western\" lang=\"de-DE\"><span style=\"color: #000000;\">Wir haben viel erreicht und mit vorangebracht, und wir haben noch viel vor.<\/span><\/p>\n<p class=\"western\" lang=\"de-DE\"><span style=\"color: #000000;\">Vor allem m\u00f6chten wir den Weg zur klimaneutralen Gemeinde aktiv mitgestalten. <\/span><\/p>\n<p class=\"western\" lang=\"de-DE\"><span style=\"color: #000000;\">Wir m\u00f6chten weiter Einfluss nehmen auf die zuk\u00fcnftige Gestaltung unserer Gemeinde.<\/span><\/p>\n<p class=\"western\" lang=\"de-DE\"><span style=\"color: #000000;\">Besonders wichtig ist uns, dass wir eine lebenswerte Gemeinde f\u00fcr die nachfolgenden Generationen schaffen. Daf\u00fcr wollen wir uns tatkr\u00e4ftig und mit vollem Elan einsetzen. Ideen haben wir daf\u00fcr! Vielleicht hast du auch Ideen, wie uns dies gelingen kann? <\/span><\/p>\n<p class=\"western\" lang=\"de-DE\"><span style=\"color: #000000;\">Wir jedenfalls freuen uns auf DICH!<\/span><\/p>\n<p class=\"western\" lang=\"de-DE\"><span style=\"color: #000000;\"><strong>Herzliche Einladung zu einem unverbindlichen Infoabend:<\/strong> <\/span><\/p>\n<p class=\"western\" lang=\"de-DE\"><span style=\"color: #000000;\"><b>Donnerstag, 09. November 2023 um 19,30 Uhr<\/b><\/span><\/p>\n<p class=\"western\" lang=\"de-DE\"><span style=\"color: #000000;\"><b>in der Begegnungsst\u00e4tte des Rosa-K\u00f6rner-Stiftes, Weissach<\/b><\/span><\/p>\n<p class=\"western\" lang=\"de-DE\"><span style=\"color: #000000;\">Bist du mit dabei? <\/span><\/p>\n<p class=\"western\" lang=\"de-DE\"><span style=\"color: #000000;\">Melde dich gerne vorab telefonisch oder per Mail, wenn Du Fragen hast oder neugierig bist und wir Dein Interesse geweckt haben.<\/span><\/p>\n<p class=\"western\" lang=\"de-DE\"><span style=\"color: #000000;\">B\u00dcNDNIS 90\/DIE GR\u00dcNEN<br \/>\n<\/span><span style=\"color: #000000;\">Ortsverband Weissach<\/span><\/p>\n<p lang=\"de-DE\"><a href=\"https:\/\/gruene-weissach.de\/wp-content\/uploads\/2023\/10\/wir-suchen-dic-flyeralarm-postkarte-quer.jpg\"><img loading=\"lazy\" decoding=\"async\" class=\"alignleft size-medium wp-image-1334\" src=\"https:\/\/gruene-weissach.de\/wp-content\/uploads\/2023\/10\/wir-suchen-dic-flyeralarm-postkarte-quer-400x285.jpg\" alt=\"\" width=\"400\" height=\"285\" srcset=\"https:\/\/gruene-weissach.de\/wp-content\/uploads\/2023\/10\/wir-suchen-dic-flyeralarm-postkarte-quer-400x285.jpg 400w, https:\/\/gruene-weissach.de\/wp-content\/uploads\/2023\/10\/wir-suchen-dic-flyeralarm-postkarte-quer-800x571.jpg 800w, https:\/\/gruene-weissach.de\/wp-content\/uploads\/2023\/10\/wir-suchen-dic-flyeralarm-postkarte-quer-768x548.jpg 768w, https:\/\/gruene-weissach.de\/wp-content\/uploads\/2023\/10\/wir-suchen-dic-flyeralarm-postkarte-quer-1536x1096.jpg 1536w, https:\/\/gruene-weissach.de\/wp-content\/uploads\/2023\/10\/wir-suchen-dic-flyeralarm-postkarte-quer-2048x1461.jpg 2048w\" sizes=\"auto, (max-width: 400px) 100vw, 400px\" \/><\/a><\/p>\n<p>&nbsp;<\/p>\n<p>Kontakt:<br \/>\nPetra Herter<br \/>\nMobil: 017620765830<br \/>\n<span lang=\"it-IT\"><b>info@ gruene-weissach.de<br \/>\n<\/b><\/span>https:\/\/gruene-weissach.de<\/p>\n<p lang=\"de-DE\">\n","protected":false},"excerpt":{"rendered":"<p>Am 09. Juni 2024 wird in unserer Gemeinde ein neuer [&hellip;]<\/p>\n","protected":false},"author":-1,"featured_media":1334,"comment_status":"open","ping_status":"closed","sticky":false,"template":"","format":"standard","meta":{"footnotes":""},"categories":[2,1],"tags":[],"class_list":["post-1332","post","type-post","status-publish","format-standard","has-post-thumbnail","hentry","category-aktuell","category-allgemein"],"_links":{"self":[{"href":"https:\/\/gruene-weissach.de\/index.php?rest_route=\/wp\/v2\/posts\/1332","targetHints":{"allow":["GET"]}}],"collection":[{"href":"https:\/\/gruene-weissach.de\/index.php?rest_route=\/wp\/v2\/posts"}],"about":[{"href":"https:\/\/gruene-weissach.de\/index.php?rest_route=\/wp\/v2\/types\/post"}],"author":[{"embeddable":true,"href":"https:\/\/gruene-weissach.de\/index.php?rest_route=\/wp\/v2\/users\/1"}],"replies":[{"embeddable":true,"href":"https:\/\/gruene-weissach.de\/index.php?rest_route=%2Fwp%2Fv2%2Fcomments&post=1332"}],"version-history":[{"count":12,"href":"https:\/\/gruene-weissach.de\/index.php?rest_route=\/wp\/v2\/posts\/1332\/revisions"}],"predecessor-version":[{"id":1346,"href":"https:\/\/gruene-weissach.de\/index.php?rest_route=\/wp\/v2\/posts\/1332\/revisions\/1346"}],"wp:featuredmedia":[{"embeddable":true,"href":"https:\/\/gruene-weissach.de\/index.php?rest_route=\/wp\/v2\/media\/1334"}],"wp:attachment":[{"href":"https:\/\/gruene-weissach.de\/index.php?rest_route=%2Fwp%2Fv2%2Fmedia&parent=1332"}],"wp:term":[{"taxonomy":"category","embeddable":true,"href":"https:\/\/gruene-weissach.de\/index.php?rest_route=%2Fwp%2Fv2%2Fcategories&post=1332"},{"taxonomy":"post_tag","embeddable":true,"href":"https:\/\/gruene-weissach.de\/index.php?rest_route=%2Fwp%2Fv2%2Ftags&post=1332"}],"curies":[{"name":"wp","href":"https:\/\/api.w.org\/{rel}","templated":true}]}}