{"id":1356,"date":"2023-12-23T10:51:39","date_gmt":"2023-12-23T09:51:39","guid":{"rendered":"https:\/\/gruene-weissach.de\/?p=1356"},"modified":"2023-12-23T19:08:47","modified_gmt":"2023-12-23T18:08:47","slug":"frohe-weihnachten","status":"publish","type":"post","link":"https:\/\/gruene-weissach.de\/?p=1356","title":{"rendered":"Frohe Weihnachten!"},"content":{"rendered":"<p><a href=\"https:\/\/gruene-weissach.de\/wp-content\/uploads\/2023\/12\/innehalten-frohe-weihnachten-a-scaled.jpg\"><img loading=\"lazy\" decoding=\"async\" class=\"size-medium wp-image-1355 alignnone\" src=\"https:\/\/gruene-weissach.de\/wp-content\/uploads\/2023\/12\/innehalten-frohe-weihnachten-a-400x300.jpg\" alt=\"\" width=\"400\" height=\"300\" srcset=\"https:\/\/gruene-weissach.de\/wp-content\/uploads\/2023\/12\/innehalten-frohe-weihnachten-a-400x300.jpg 400w, https:\/\/gruene-weissach.de\/wp-content\/uploads\/2023\/12\/innehalten-frohe-weihnachten-a-800x600.jpg 800w, https:\/\/gruene-weissach.de\/wp-content\/uploads\/2023\/12\/innehalten-frohe-weihnachten-a-768x576.jpg 768w, https:\/\/gruene-weissach.de\/wp-content\/uploads\/2023\/12\/innehalten-frohe-weihnachten-a-1536x1152.jpg 1536w, https:\/\/gruene-weissach.de\/wp-content\/uploads\/2023\/12\/innehalten-frohe-weihnachten-a-2048x1536.jpg 2048w\" sizes=\"auto, (max-width: 400px) 100vw, 400px\" \/><\/a><\/p>\n<p>Liebe gr\u00fcne Freundinnen und Freunde,<\/p>\n<p>Mal ein, zwei G\u00e4nge runter schalten, trotz allem Trubel innehalten,<br \/>\nF\u00fcr jeden, der das manchmal tut, ist es f\u00fcr Leib und Seele gut!<\/p>\n<p><strong>Ich w\u00fcnsche Euch allen geruhsame Weihnachtsfeiertage und ein spannendes, tolles neues Jahr mit vielen sch\u00f6nen Erlebnissen.<\/strong><\/p>\n<p>Aber sag, warum soll ich denn auf Wunder warten?<br \/>\n&#8222;Mein Junge, mach es lieber hundertmal falsch,<br \/>\nfalle lieber hundertmal, als hier nur herum zuwarten.&#8220; ( Apsilon-Horoskop 2023)<\/p>\n<p>Auf dass wir nicht auf Wunder warten, sondern die Herausforderungen gemeinsam anpacken.<\/p>\n<p>Wieder einmal war die Vorweihnachtszeit irgendwie sehr hektisch. In der letzten Gemeinderatssitzung am Montag, die wieder ausufernd lang dauerte war f\u00fcr uns sehr erfolgreich. Unser kurzfristiger Antrag das Thema Windkraft von der Tagesordnung zu nehmen, da wir nochmals dringend Handlungsbedarf sehen und unseres Erachtens ein Verfahrensfehler in der Sitzung vorlag, ging mit einer Gegenstimme durch.<\/p>\n<p>Am Schluss gab es noch eine sehr erfreuliche, nicht \u00f6ffentliche Entscheidung, die ich Euch in der n\u00e4chsten Sitzung gerne mitteile, da Sie bis dorthin sicher \u00f6ffentlich ist. Das ist echt ein toller Erfolg und ein kleiner Lichtblick f\u00fcr den Naturschutz in unserer Gemeinde.<br \/>\nAlles in allem glaube ich, dass wir sagen k\u00f6nnen, das Jahr 2024 ist kommunal f\u00fcr uns Gr\u00fcne ganz gut gelaufen. Gemeinsam haben wir in diesem Jahr doch viel erreicht.<\/p>\n<p>Im n\u00e4chsten Jahr steht nun die Kommunalwahl an. Dabei wird es zu Ver\u00e4nderungen kommen, der neue Gemeinderat muss sich erstmal finden und das wird eine Zeit dauern. Ich hoffe sehr, dass wir unsere Sitze halten k\u00f6nnen, wenn auch es sehr schwer werden wird.<br \/>\nEs w\u00e4re toll, wenn wir unsere Liste voll bekommen mit 18 Kandidat*innen. Noch fehlen uns Kandidat*innen. Wer w\u00fcrde noch mit auf die Liste gehen? Oder vielleicht f\u00e4llt euch noch jemand ein.<\/p>\n<p>Hier nochmals die n\u00e4chsten, wichtigen Termine f\u00fcr Weissach, insbesondere auch f\u00fcr die Kanditat*innen. Es w\u00e4re super, wenn ihr m\u00f6glichst alle dabei sein k\u00f6nnt, das wir die organisatorischen Unterlagen regeln sollten. Bitte habe auch Euren Personalausweis dabei.<\/p>\n<p>Wir treffen uns am:<br \/>\n<strong>1) 05.01.2024 um 18 Uhr im Rosa-K\u00f6rner-Stift Weissach<\/strong> -internen Treffen &#8211; Organisatorisches &#8211; und Auftakt Wahlprogramm und Terminfahrplan, EmailGruppe<\/p>\n<p><strong>2) 30.01.2024<\/strong> offizielle Nominierungsversammlung &#8211; wichtig: hier sollten alle m\u00f6glichst dabei sein, um den formalen Akt zu beschlie\u00dfen.<\/p>\n<p>Die Unterlagen vom Rathaus sind schon eingetroffen.<\/p>\n<p>Herzliche Gr\u00fc\u00dfe bis bald<br \/>\nPetra<\/p>\n<p>&nbsp;<\/p>\n<p>&nbsp;<\/p>\n<p>&nbsp;<\/p>\n<p>&nbsp;<\/p>\n<p>&nbsp;<\/p>\n<p>&nbsp;<\/p>\n<p>&nbsp;<\/p>\n<p>&nbsp;<\/p>\n<p>&nbsp;<\/p>\n<p>&nbsp;<\/p>\n","protected":false},"excerpt":{"rendered":"<p>Liebe gr\u00fcne Freundinnen und Freunde, Mal ein, zwei G\u00e4nge runter [&hellip;]<\/p>\n","protected":false},"author":-1,"featured_media":0,"comment_status":"open","ping_status":"closed","sticky":false,"template":"","format":"standard","meta":{"footnotes":""},"categories":[2,1],"tags":[],"class_list":["post-1356","post","type-post","status-publish","format-standard","hentry","category-aktuell","category-allgemein"],"_links":{"self":[{"href":"https:\/\/gruene-weissach.de\/index.php?rest_route=\/wp\/v2\/posts\/1356","targetHints":{"allow":["GET"]}}],"collection":[{"href":"https:\/\/gruene-weissach.de\/index.php?rest_route=\/wp\/v2\/posts"}],"about":[{"href":"https:\/\/gruene-weissach.de\/index.php?rest_route=\/wp\/v2\/types\/post"}],"author":[{"embeddable":true,"href":"https:\/\/gruene-weissach.de\/index.php?rest_route=\/wp\/v2\/users\/1"}],"replies":[{"embeddable":true,"href":"https:\/\/gruene-weissach.de\/index.php?rest_route=%2Fwp%2Fv2%2Fcomments&post=1356"}],"version-history":[{"count":5,"href":"https:\/\/gruene-weissach.de\/index.php?rest_route=\/wp\/v2\/posts\/1356\/revisions"}],"predecessor-version":[{"id":1362,"href":"https:\/\/gruene-weissach.de\/index.php?rest_route=\/wp\/v2\/posts\/1356\/revisions\/1362"}],"wp:attachment":[{"href":"https:\/\/gruene-weissach.de\/index.php?rest_route=%2Fwp%2Fv2%2Fmedia&parent=1356"}],"wp:term":[{"taxonomy":"category","embeddable":true,"href":"https:\/\/gruene-weissach.de\/index.php?rest_route=%2Fwp%2Fv2%2Fcategories&post=1356"},{"taxonomy":"post_tag","embeddable":true,"href":"https:\/\/gruene-weissach.de\/index.php?rest_route=%2Fwp%2Fv2%2Ftags&post=1356"}],"curies":[{"name":"wp","href":"https:\/\/api.w.org\/{rel}","templated":true}]}}