{"id":1363,"date":"2023-12-27T16:31:56","date_gmt":"2023-12-27T15:31:56","guid":{"rendered":"https:\/\/gruene-weissach.de\/?p=1363"},"modified":"2023-12-27T16:31:56","modified_gmt":"2023-12-27T15:31:56","slug":"neues-von-der-gruenen-gemeinderatsfraktion","status":"publish","type":"post","link":"https:\/\/gruene-weissach.de\/?p=1363","title":{"rendered":"Neues von der Gr\u00fcnen Gemeinderatsfraktion"},"content":{"rendered":"<p>20. Dezember 2023<\/p>\n<p><span style=\"font-family: Arial, serif;\">Liebe Mitb\u00fcrgerinnen und Mitb\u00fcrger,<\/span><\/p>\n<p><span style=\"font-family: Arial, serif;\">wir stehen am Rande eines neuen Jahres und m\u00f6chten gemeinsam mit Ihnen einen Blick auf die vergangenen zw\u00f6lf Monate werfen \u2013 Monate, die von Engagement, Herausforderungen und zukunftsweisenden Entscheidungen gepr\u00e4gt waren.<\/span><\/p>\n<p><span style=\"font-family: Arial, serif;\"><strong>Das vorrangige Ziel, wieder ein funktionsf\u00e4higes Rathaus aufzubauen, wurde erreicht.<\/strong> Wir sind froh, dass offene Stellen rasch neu besetzt werden konnten. Um die bevorstehenden Herausforderungen f\u00fcr unsere Gemeinde bew\u00e4ltigen zu k\u00f6nnen, ist eine handlungsf\u00e4hige Verwaltung eine wichtige Voraussetzung.<\/span><\/p>\n<p><span style=\"font-family: Arial, serif;\"><strong>Ein Projekt von gro\u00dfer Bedeutung ist der geplante Neubau der Weissacher Ortsmitte.<\/strong> Sie soll gleicherma\u00dfen ein Zentrum f\u00fcr Begegnungen und Gemeinschaft mit hoher Aufenthaltsqualit\u00e4t, f\u00fcr modernen Wohnraum, attraktive Einkaufsm\u00f6glichkeiten und wichtige Infrastruktur (v. a. \u00c4rzte und Apotheke) sein. Weitere Planungen und \u00dcberlegungen sind in diesem Jahr angestellt worden, es stehen uns aber noch gro\u00dfe Herausforderungen bevor: Ein gro\u00dfes Thema ist das Starkregenrisikomanagement als Voraussetzung f\u00fcr die neue Weissacher Ortsmitte. Wir hoffen, dieses Thema gemeinsam mit der Verwaltung im neuen Jahr weiter entscheidend voranzubringen.<\/span><\/p>\n<p><span style=\"font-family: Arial, serif;\"><strong>Der Weg hin zu einem klimaneutralen Weissach wird erfreulicherweise weiter gegangen.<\/strong> Im neuen Jahr wird der Ausbau der PV-Anlagen auf zahlreichen gemeindeeigenen Geb\u00e4uden vorangebracht. Das ist nicht nur \u00f6kologisch, sondern vor dem Hintergrund in Zukunft weiter steigender Energiepreise auch \u00f6konomisch eine nachhaltige Entscheidung f\u00fcr unsere Gemeinde. Doch das gen\u00fcgt nicht. Um das Ziel der Klimaneutralit\u00e4t und der Energieunabh\u00e4ngigkeit zu erreichen, sind weitere einschneidende Ma\u00dfnahmen f\u00fcr unsere Gemeinde notwendig: Das Thema Windkraftanlagen hat auch Weissach erreicht. Erste Grundsatzentscheidungen sind gefallen, weitere werden noch folgen. Wir sind erst am Beginn eines langen Prozesses, den wir konstruktiv unterst\u00fctzen und uns f\u00fcr ein H\u00f6chstma\u00df an Transparenz und Kommunikation mit der B\u00fcrgerschaft einsetzen werden.<\/span><\/p>\n<p><span style=\"font-family: Arial, serif;\">Eigentlich ein Dauerbrenner-Thema und nichts Neues, jedoch zu wichtig, um es an dieser Stelle unerw\u00e4hnt zu lassen: <strong>Die Sicherstellung einer verl\u00e4sslichen Kinderbetreuung<\/strong> <strong>und die St\u00e4rkung unserer beiden Schulen.<\/strong> Familien stehen tagt\u00e4glich vor der Herausforderung, die Vereinbarkeit von Familie und Beruf zu bewerkstelligen. Hierbei gilt es, im neuen Jahr gemeinsam mit der Gemeindeverwaltung weiter dranzubleiben und nach neuen L\u00f6sungen zu suchen.<\/span><\/p>\n<p><span style=\"font-family: Arial, serif;\">Dabei ist es uns besonders wichtig, alle Entscheidungen mit Augenma\u00df und nach dem Grundsatz \u201eGr\u00fcndlichkeit vor Schnelligkeit\u201c <strong>f\u00fcr ein auch in Zukunft lebenswertes Weissach mitzugestalten.<\/strong> \u00c0 propos Mitgestalten: Am 9. Juni 2024 sind Sie aufgerufen als W\u00e4hlerin\/W\u00e4hler bei der Kommunalwahl \u00fcber die Zukunft unserer Gemeinde mitzuentscheiden und m\u00f6glicherweise dar\u00fcberhinaus sich als Kandidatin\/Kandidat aktiv einzubringen. Bitte nehmen Sie dieses Privileg wahr, sich auf die eine oder andere Weise an unserer wertvollen Demokratie zu beteiligen. Die so genannte unechte Teilortswahl wird dabei erstmals nicht mehr angewendet, was aus unserer Sicht ein wichtiges verbindendes Zeichen des Zusammenhalts von Weissach und Flacht darstellt.<\/span><\/p>\n<p><span style=\"font-family: Arial, serif;\">Ein weiterer Baustein, um die Zukunftsf\u00e4higkeit unserer Gemeinde als Wohnort und Wirtschaftsstandort zu st\u00e4rken ist schnelles Internet. Wir sind sehr hoffnungsvoll, dass der in diesem Jahr wiederholte Versuch, gen\u00fcgend Haushalte vom Glasfaserausbau zu \u00fcberzeugen, diesmal gelingen wird und die Gemeinde Weissach somit den Anschluss in der Gigabit Region Stuttgart nicht verliert.<\/span><\/p>\n<p><strong><span style=\"font-family: Arial, serif;\">Im Gegensatz zum Internet in Lichtgeschwindigkeit w\u00fcnschen wir Ihnen und Ihren Familien ein ruhiges, besinnliches Weihnachtsfest und einen guten Start ins neue Jahr. Wir sind dankbar f\u00fcr Ihre Unterst\u00fctzung und freuen uns darauf, auch im kommenden Jahr gemeinsam mit Ihnen an der Weiterentwicklung unserer Gemeinde zu arbeiten.<\/span><\/strong><\/p>\n<p><span style=\"font-family: Arial, serif;\">Ihre GR\u00dcNE Gemeinderatsfraktion<\/span><\/p>\n<p><span style=\"font-family: Arial, serif;\">Dr. Angelika Br\u00fcmmer, Barbara Fauth, Petra Herter und Pierre Michael<\/span><\/p>\n<p>&nbsp;<\/p>\n","protected":false},"excerpt":{"rendered":"<p>20. Dezember 2023 Liebe Mitb\u00fcrgerinnen und Mitb\u00fcrger, wir stehen am [&hellip;]<\/p>\n","protected":false},"author":-1,"featured_media":0,"comment_status":"open","ping_status":"closed","sticky":false,"template":"","format":"standard","meta":{"footnotes":""},"categories":[2,1],"tags":[],"class_list":["post-1363","post","type-post","status-publish","format-standard","hentry","category-aktuell","category-allgemein"],"_links":{"self":[{"href":"https:\/\/gruene-weissach.de\/index.php?rest_route=\/wp\/v2\/posts\/1363","targetHints":{"allow":["GET"]}}],"collection":[{"href":"https:\/\/gruene-weissach.de\/index.php?rest_route=\/wp\/v2\/posts"}],"about":[{"href":"https:\/\/gruene-weissach.de\/index.php?rest_route=\/wp\/v2\/types\/post"}],"author":[{"embeddable":true,"href":"https:\/\/gruene-weissach.de\/index.php?rest_route=\/wp\/v2\/users\/1"}],"replies":[{"embeddable":true,"href":"https:\/\/gruene-weissach.de\/index.php?rest_route=%2Fwp%2Fv2%2Fcomments&post=1363"}],"version-history":[{"count":1,"href":"https:\/\/gruene-weissach.de\/index.php?rest_route=\/wp\/v2\/posts\/1363\/revisions"}],"predecessor-version":[{"id":1364,"href":"https:\/\/gruene-weissach.de\/index.php?rest_route=\/wp\/v2\/posts\/1363\/revisions\/1364"}],"wp:attachment":[{"href":"https:\/\/gruene-weissach.de\/index.php?rest_route=%2Fwp%2Fv2%2Fmedia&parent=1363"}],"wp:term":[{"taxonomy":"category","embeddable":true,"href":"https:\/\/gruene-weissach.de\/index.php?rest_route=%2Fwp%2Fv2%2Fcategories&post=1363"},{"taxonomy":"post_tag","embeddable":true,"href":"https:\/\/gruene-weissach.de\/index.php?rest_route=%2Fwp%2Fv2%2Ftags&post=1363"}],"curies":[{"name":"wp","href":"https:\/\/api.w.org\/{rel}","templated":true}]}}