{"id":1421,"date":"2024-03-21T16:26:53","date_gmt":"2024-03-21T15:26:53","guid":{"rendered":"https:\/\/gruene-weissach.de\/?p=1421"},"modified":"2024-03-21T16:27:57","modified_gmt":"2024-03-21T15:27:57","slug":"stellungnahme-der-gruenen-fraktion-zum-eea-austritt","status":"publish","type":"post","link":"https:\/\/gruene-weissach.de\/?p=1421","title":{"rendered":"Stellungnahme der Gr\u00fcnen Fraktion zum EEA Austritt"},"content":{"rendered":"<p>Der Gemeinderat hat am 18. M\u00e4rz mit kapper Mehrheit den Austritt aus dem European Energy Award Programm beschlossen. Die Gr\u00fcne Fraktion hat gegen den Austritt gestimmt.<\/p>\n<p>Hier die Begr\u00fcndung f\u00fcr unsere Ablehnung:<\/p>\n<ul>\n<li><span style=\"font-family: Tahoma, serif;\"><span style=\"font-size: large;\">Mit einem kompromisslosen Ausstieg aus dem EEA sind wir nicht einverstanden. <\/span><\/span><\/li>\n<li><span style=\"font-family: Tahoma, serif;\"><span style=\"font-size: large;\">Unserer Fraktion f\u00e4llt es schwer, zum Austritt aus dem EEA aufgrund des aktuellen Kenntnisstandes und der Informationen zum neuen EEA 3.0 eine fundierte Entscheidung zu treffen.<\/span><\/span><\/li>\n<li><span style=\"font-family: Tahoma, serif;\"><span style=\"font-size: large;\">Der bisherige EEA bot eine sehr gute M\u00f6glichkeit mit fachlicher Begleitung durch die Energieagentur BB mit einem umfassenden Handlungskonzept in Sachen Klimaschutz strukturiert voranzukommen.<\/span><\/span><\/li>\n<li><span style=\"font-family: Tahoma, serif;\"><span style=\"font-size: large;\">Wir sehen nat\u00fcrlich die Problematik mit der noch labilen Personalsituation und den aufzuarbeitenden Altlasten, wobei sich schon die Frage stellt, welche sind zwingend notwendig?<\/span><\/span><\/li>\n<li><span style=\"font-family: Tahoma, serif;\"><span style=\"font-size: large;\">Aber wir arbeiten zu viel an der Vergangenheit und legen den Focus zu wenig in die Zukunft.<\/span><\/span><\/li>\n<li><span style=\"font-family: Tahoma, serif;\"><span style=\"font-size: large;\">Der Klimawandel wartet nicht, bis alles abgearbeitet ist und wir tragen nicht nur die Verantwortung gegen\u00fcber den Mitarbeitern, sondern auch gegen\u00fcber der Bev\u00f6lkerung.<\/span><\/span><\/li>\n<li><span style=\"font-family: Tahoma, serif;\"><span style=\"font-size: large;\">Punktuelle Einzelprojekte wie z.B. Etwas PV dort, eine E-L\u00e4desaule da, wie es die Verwaltung zuk\u00fcnftig vorsieht, halten wir mit Blick auf das anzustrebende Ziel der Klimaneutralit\u00e4t nicht f\u00fcr zielf\u00fchrend.<\/span><\/span><\/li>\n<li><span style=\"font-family: Tahoma, serif;\"><span style=\"font-size: large;\">F\u00fcr uns ist es nur St\u00fcckwerk, was die Verwaltung hier vorsieht.<\/span><\/span><\/li>\n<li><span style=\"font-family: Tahoma, serif;\"><span style=\"font-size: large;\">Aus unserer Sicht ist umfassendes Klimaschutzkonzept als Gesamtkonzept f\u00fcr die Gemeinde zwingend notwendig.<\/span><\/span><\/li>\n<li><span style=\"font-family: Tahoma, serif;\"><span style=\"font-size: large;\">Wenn ein Austritt aus dem EEA erfolgen soll, so h\u00e4tten wir uns als Kompromissl\u00f6sung die Erstellung eines alternativen, eigenen Gesamtkonzeptes gew\u00fcnscht.<\/span><\/span><\/li>\n<li><span style=\"font-family: Tahoma, serif;\"><span style=\"font-size: large;\">Hat doch die Gemeinde eine Art Vorbildfunktion un<\/span><\/span><span style=\"font-family: Tahoma, serif;\"><span style=\"font-size: large;\">d<\/span><\/span><span style=\"font-family: Tahoma, serif;\"><span style=\"font-size: large;\"> sollte in Sachen Klimaschutz ein Zeichen setzen. <\/span><\/span><\/li>\n<li><span style=\"font-family: Tahoma, serif;\"><span style=\"font-size: large;\">Dem vorliegenden Beschlussantrag werden wir deshalb nicht zustimmen.<\/span><\/span><\/li>\n<\/ul>\n<p>Weitere Informationen zum EEA 3.0 k\u00f6nnen <a href=\"https:\/\/gruene-weissach.de\/wp-content\/uploads\/2024\/03\/Kommunikationspapier-eea-3.0.pdf\" target=\"_blank\" rel=\"noopener\">hier heruntergeladen werden.<\/a><\/p>\n<p>&nbsp;<\/p>\n","protected":false},"excerpt":{"rendered":"<p>Der Gemeinderat hat am 18. M\u00e4rz mit kapper Mehrheit den [&hellip;]<\/p>\n","protected":false},"author":-1,"featured_media":0,"comment_status":"open","ping_status":"closed","sticky":false,"template":"","format":"standard","meta":{"footnotes":""},"categories":[2,1],"tags":[43,41,42],"class_list":["post-1421","post","type-post","status-publish","format-standard","hentry","category-aktuell","category-allgemein","tag-eea","tag-eea-3-0","tag-european-energy-award"],"_links":{"self":[{"href":"https:\/\/gruene-weissach.de\/index.php?rest_route=\/wp\/v2\/posts\/1421","targetHints":{"allow":["GET"]}}],"collection":[{"href":"https:\/\/gruene-weissach.de\/index.php?rest_route=\/wp\/v2\/posts"}],"about":[{"href":"https:\/\/gruene-weissach.de\/index.php?rest_route=\/wp\/v2\/types\/post"}],"author":[{"embeddable":true,"href":"https:\/\/gruene-weissach.de\/index.php?rest_route=\/wp\/v2\/users\/1"}],"replies":[{"embeddable":true,"href":"https:\/\/gruene-weissach.de\/index.php?rest_route=%2Fwp%2Fv2%2Fcomments&post=1421"}],"version-history":[{"count":3,"href":"https:\/\/gruene-weissach.de\/index.php?rest_route=\/wp\/v2\/posts\/1421\/revisions"}],"predecessor-version":[{"id":1425,"href":"https:\/\/gruene-weissach.de\/index.php?rest_route=\/wp\/v2\/posts\/1421\/revisions\/1425"}],"wp:attachment":[{"href":"https:\/\/gruene-weissach.de\/index.php?rest_route=%2Fwp%2Fv2%2Fmedia&parent=1421"}],"wp:term":[{"taxonomy":"category","embeddable":true,"href":"https:\/\/gruene-weissach.de\/index.php?rest_route=%2Fwp%2Fv2%2Fcategories&post=1421"},{"taxonomy":"post_tag","embeddable":true,"href":"https:\/\/gruene-weissach.de\/index.php?rest_route=%2Fwp%2Fv2%2Ftags&post=1421"}],"curies":[{"name":"wp","href":"https:\/\/api.w.org\/{rel}","templated":true}]}}