{"id":1567,"date":"2024-12-19T16:47:09","date_gmt":"2024-12-19T15:47:09","guid":{"rendered":"https:\/\/gruene-weissach.de\/?p=1567"},"modified":"2024-12-19T16:48:29","modified_gmt":"2024-12-19T15:48:29","slug":"wahlkampf-info-1-neues-von-den-gruenen-in-weissach-und-flacht","status":"publish","type":"post","link":"https:\/\/gruene-weissach.de\/?p=1567","title":{"rendered":"Wahlkampf-Info #1 &#8211; Neues von den Gr\u00fcnen in Weissach und Flacht"},"content":{"rendered":"<p>Liebe Gr\u00fcne Freundinnen und Freunde in Weissach+Flacht,<\/p>\n<p>bald ist Weihnachten und dann dauert es auch nicht mehr lange bis zur n\u00e4chsten Bundestagswahl.<\/p>\n<p>Daher wollen wir uns nochmals bei euch melden mit einigen Infos von den Gr\u00fcnen.<\/p>\n<p><b>1) Die Gr\u00fcne Kampagne zur Bundestagswahl<\/b><\/p>\n<p>Der Gr\u00fcne Wahlkampf orientiert sich traditionell an Themen und Inhalten. Dazu kommen unsere Spitzenleute Annalena Baerbock und Robert Habeck. Inhaltlich werden die Themen Wirtschaft und Soziale Gerechtigkeit eine herausragende Rolle spielen, weil das f\u00fcr die meisten Menschen gerade die gr\u00f6\u00dfte Rolle spielt. Nat\u00fcrlich wird auch der Klimaschutz eine zentrale Rolle spielen, weil der Schutz unserer Lebensgrundlagen die wichtigste Herausforderung unserer Zeit ist.<\/p>\n<p>Das Gr\u00fcne Wahlprogramm wird Ende Januar 2025 verabschiedet. Danach muss es schnell in Wahlkampfmaterialien umgesetzt werden.<\/p>\n<p>Weitere Infos zur Gr\u00fcnen Kampagne gibt es hier: <a class=\"moz-txt-link-freetext\" href=\"https:\/\/www.gruene.de\/wofuer-wir-kaempfen\" target=\"_blank\" rel=\"noopener\">https:\/\/www.gruene.de\/wofuer-wir-kaempfen<\/a><\/p>\n<p><b>2) Unsere Direktkandidatin ist Sandra Detzer<\/b><\/p>\n<p>Obwohl wir zum Gr\u00fcnen Kreisverband B\u00f6blingen geh\u00f6ren, w\u00e4hlen wir bei der Bundestagswahl im Kreis Ludwigsburg. Dort ist Dr. Sandra Detzer unsere Direktkandidatin. Sandra ist aktuell die Wirtschaftspolitische Sprecherin der Gr\u00fcnen im Bundestag. Sie steht auf Platz 4 der Landesliste BW und wird hoffentlich wieder in den Bundestag einziehen. Besonders sch\u00f6n w\u00e4re der Gewinn des Direktmandats.<\/p>\n<p>Mehr Infos zu Sandra findest du hier: <a class=\"moz-txt-link-freetext\" href=\"https:\/\/sandra-detzer.de\/\" target=\"_blank\" rel=\"noopener\">https:\/\/sandra-detzer.de\/<\/a><\/p>\n<p><b>3) Was machen wir in Weissach+Flacht?<\/b><\/p>\n<p>Wir planen folgende Aktivit\u00e4ten bei uns in der Gemeinde:<\/p>\n<p>&#8211; Stra\u00dfenplakatierung<br \/>\n&#8211; Erstw\u00e4hlerbriefe<br \/>\n&#8211; Flyerverteilung<br \/>\n&#8211; Wahlkampfst\u00e4nde bei B\u00e4ckerei Clement, Edeka Markt und Wochenmarkt<br \/>\n&#8211; Haust\u00fcrwahlkampf<\/p>\n<p><b>4) Wie kannst du uns helfen?<\/b><\/p>\n<p>Wir ben\u00f6tigen eure Hilfe und Unterst\u00fctzung bei der Flyer-Verteilung und den geplanten Wahlkampfst\u00e4nden. Gerne k\u00f6nnt ihr uns schon jetzt eure grunds\u00e4tzliche Bereitschaft zur Mithilfe mitteilen. Vielen Dank!<\/p>\n<p><b>5) Willst du Mitglied bei den Gr\u00fcnen werden?<\/b><\/p>\n<p>Wir w\u00fcrden gerne einen eigenen Ortsverband gr\u00fcnden, aber daf\u00fcr sollten wir ein paar mehr Mitglieder sein.<\/p>\n<p>Die Mitgliedschaft kosten derzeit mindestens 13 EUR \/ Monat. Bei deiner Steuererkl\u00e4rung bekommst du 50 % wieder zur\u00fcckerstattet. Also betr\u00e4gt dein tats\u00e4chlicher Beitrag nur 6,50 EUR \/ Monat. Leute mit wenig Geld k\u00f6nnen auf Antrag auch weniger bezahlen. Melde dich einfach bei uns, wenn du hierzu Fragen hast.<\/p>\n<p><b>Jetzt w\u00fcnschen wir euch frohe Feiertage und alles Gute f\u00fcr das Neue Jahr!<\/b><\/p>\n<p>Petra Herter und Wolfgang Herdtle<\/p>\n<p>B\u00fcndnis 90 \/ Die Gr\u00fcnen Weissach+Flacht<br \/>\n<a class=\"moz-txt-link-freetext\" href=\"https:\/\/gruene-weissach.de\/\">https:\/\/gruene-weissach.de\/<\/a><br \/>\n<a class=\"moz-txt-link-freetext\" href=\"https:\/\/www.instagram.com\/gruene.weissach\/\" target=\"_blank\" rel=\"noopener\">https:\/\/www.instagram.com\/gruene.weissach\/<\/a><\/p>\n<p>&nbsp;<\/p>\n<p><img loading=\"lazy\" decoding=\"async\" class=\"size-full wp-image-1566 alignnone\" src=\"https:\/\/gruene-weissach.de\/wp-content\/uploads\/2024\/12\/frohe-feiertage.jpg\" alt=\"\" width=\"800\" height=\"800\" srcset=\"https:\/\/gruene-weissach.de\/wp-content\/uploads\/2024\/12\/frohe-feiertage.jpg 800w, https:\/\/gruene-weissach.de\/wp-content\/uploads\/2024\/12\/frohe-feiertage-400x400.jpg 400w, https:\/\/gruene-weissach.de\/wp-content\/uploads\/2024\/12\/frohe-feiertage-150x150.jpg 150w, https:\/\/gruene-weissach.de\/wp-content\/uploads\/2024\/12\/frohe-feiertage-768x768.jpg 768w\" sizes=\"auto, (max-width: 800px) 100vw, 800px\" \/><\/p>\n<p>&nbsp;<\/p>\n","protected":false},"excerpt":{"rendered":"<p>Liebe Gr\u00fcne Freundinnen und Freunde in Weissach+Flacht, bald ist Weihnachten [&hellip;]<\/p>\n","protected":false},"author":-1,"featured_media":0,"comment_status":"open","ping_status":"closed","sticky":false,"template":"","format":"standard","meta":{"footnotes":""},"categories":[2,1],"tags":[],"class_list":["post-1567","post","type-post","status-publish","format-standard","hentry","category-aktuell","category-allgemein"],"_links":{"self":[{"href":"https:\/\/gruene-weissach.de\/index.php?rest_route=\/wp\/v2\/posts\/1567","targetHints":{"allow":["GET"]}}],"collection":[{"href":"https:\/\/gruene-weissach.de\/index.php?rest_route=\/wp\/v2\/posts"}],"about":[{"href":"https:\/\/gruene-weissach.de\/index.php?rest_route=\/wp\/v2\/types\/post"}],"author":[{"embeddable":true,"href":"https:\/\/gruene-weissach.de\/index.php?rest_route=\/wp\/v2\/users\/1"}],"replies":[{"embeddable":true,"href":"https:\/\/gruene-weissach.de\/index.php?rest_route=%2Fwp%2Fv2%2Fcomments&post=1567"}],"version-history":[{"count":3,"href":"https:\/\/gruene-weissach.de\/index.php?rest_route=\/wp\/v2\/posts\/1567\/revisions"}],"predecessor-version":[{"id":1570,"href":"https:\/\/gruene-weissach.de\/index.php?rest_route=\/wp\/v2\/posts\/1567\/revisions\/1570"}],"wp:attachment":[{"href":"https:\/\/gruene-weissach.de\/index.php?rest_route=%2Fwp%2Fv2%2Fmedia&parent=1567"}],"wp:term":[{"taxonomy":"category","embeddable":true,"href":"https:\/\/gruene-weissach.de\/index.php?rest_route=%2Fwp%2Fv2%2Fcategories&post=1567"},{"taxonomy":"post_tag","embeddable":true,"href":"https:\/\/gruene-weissach.de\/index.php?rest_route=%2Fwp%2Fv2%2Ftags&post=1567"}],"curies":[{"name":"wp","href":"https:\/\/api.w.org\/{rel}","templated":true}]}}