{"id":1575,"date":"2025-01-19T18:41:32","date_gmt":"2025-01-19T17:41:32","guid":{"rendered":"https:\/\/gruene-weissach.de\/?p=1575"},"modified":"2025-01-19T18:41:32","modified_gmt":"2025-01-19T17:41:32","slug":"wahlkampf-info-2-der-wahlkampf-beginnt-wir-brauchen-deine-unterstuetzung","status":"publish","type":"post","link":"https:\/\/gruene-weissach.de\/?p=1575","title":{"rendered":"Wahlkampf-Info #2 &#8211; Der Wahlkampf beginnt &#8211; wir brauchen deine Unterst\u00fctzung!"},"content":{"rendered":"<p>Liebe Gr\u00fcne Freundinnen und Freunde in Weissach und Flacht,<\/p>\n<p>inzwischen befinden wir uns mitten in der hei\u00dfen Wahlkampfphase, und die n\u00e4chsten Aktivit\u00e4ten stehen an.<\/p>\n<p><b>1) Wahlplakate<\/b><br \/>\nDie Wahlplakate werden diese Woche aufgeh\u00e4ngt.<\/p>\n<p><b>2) Wahlflyer &#8211; Bitte mitmachen!<\/b><br \/>\nF\u00fcr die Verteilung der Wahlflyer ben\u00f6tigen wir deine Unterst\u00fctzung!<\/p>\n<p>Wir haben die Verteilerlisten f\u00fcr Weissach und Flacht erstellt.\u00a0 Der Zeitaufwand f\u00fcr das Verteilen betr\u00e4gt ca. 2 Stunden. Die Flyer d\u00fcrfen nur in Briefk\u00e4sten eingeworfen werden, auf denen kein Aufkleber gegen Werbung angebracht ist.<\/p>\n<p>Aktion: Bitte schau dir die Gebiete an und gib uns Bescheid, welches Gebiet du \u00fcbernehmen k\u00f6nntest.<\/p>\n<p>Sobald die Flyer da sind, werde wir sie bei dir vorbeibringen.<\/p>\n<p><b>3) Wahlkampfst\u00e4nde<\/b><br \/>\nBei gen\u00fcgend Unterst\u00fctzung werden wir ein paar Mal einen Wahlkampfstand aufstellen.<\/p>\n<p>Bitte melden, falls du an einem Wahlkampfstand am Wochenmarkt, B\u00e4ckerei Clement in Flacht oder beim Edeka Markt mitmachen willst.<\/p>\n<p><b>4) Reader zu den Gr\u00fcnen Hauptbotschaften<\/b><br \/>\nWir haben einen Reader, um dich mit den Gr\u00fcnen Hauptbotschaften vertraut zu machen.<\/p>\n<p>Bitte melde dich bei uns, damit wir dir den Reader zuschicken k\u00f6nnen.<\/p>\n<p><b>5) Robert Habeck kommt nach Stuttgart!<\/b><br \/>\nTermin: 25.01.2025<br \/>\nUhrzeit: 14:30 Uhr, Einlass um 13:30 Uhr<br \/>\nWo: Mozart-Saal, Kultur- und Kongresszentrum Liederhalle, Berliner Platz 1, 70174 Stuttgart<\/p>\n<p>Eine Anmeldung ist nicht erforderlich. Bitte bei uns melden, damit wir ggfs als Gruppe mit dem \u00d6PNV hinfahren k\u00f6nnen. Abfahrt zwischen 12:00 &#8211; 12:30 Uhr beim Sportplatz Flacht.<\/p>\n<p>Hast du noch Fragen? Eine kurze Mail oder ein Anruf gen\u00fcgt.<\/p>\n<p>Gr\u00fcne Gr\u00fc\u00dfe<\/p>\n<p>Eure Gr\u00fcnen in Weissach und Flacht<\/p>\n<p>&nbsp;<\/p>\n","protected":false},"excerpt":{"rendered":"<p>Liebe Gr\u00fcne Freundinnen und Freunde in Weissach und Flacht, inzwischen [&hellip;]<\/p>\n","protected":false},"author":-1,"featured_media":0,"comment_status":"open","ping_status":"closed","sticky":false,"template":"","format":"standard","meta":{"footnotes":""},"categories":[2,1],"tags":[53,66],"class_list":["post-1575","post","type-post","status-publish","format-standard","hentry","category-aktuell","category-allgemein","tag-buendnis-90-die-gruenen","tag-wahlkampfinfo"],"_links":{"self":[{"href":"https:\/\/gruene-weissach.de\/index.php?rest_route=\/wp\/v2\/posts\/1575","targetHints":{"allow":["GET"]}}],"collection":[{"href":"https:\/\/gruene-weissach.de\/index.php?rest_route=\/wp\/v2\/posts"}],"about":[{"href":"https:\/\/gruene-weissach.de\/index.php?rest_route=\/wp\/v2\/types\/post"}],"author":[{"embeddable":true,"href":"https:\/\/gruene-weissach.de\/index.php?rest_route=\/wp\/v2\/users\/1"}],"replies":[{"embeddable":true,"href":"https:\/\/gruene-weissach.de\/index.php?rest_route=%2Fwp%2Fv2%2Fcomments&post=1575"}],"version-history":[{"count":1,"href":"https:\/\/gruene-weissach.de\/index.php?rest_route=\/wp\/v2\/posts\/1575\/revisions"}],"predecessor-version":[{"id":1576,"href":"https:\/\/gruene-weissach.de\/index.php?rest_route=\/wp\/v2\/posts\/1575\/revisions\/1576"}],"wp:attachment":[{"href":"https:\/\/gruene-weissach.de\/index.php?rest_route=%2Fwp%2Fv2%2Fmedia&parent=1575"}],"wp:term":[{"taxonomy":"category","embeddable":true,"href":"https:\/\/gruene-weissach.de\/index.php?rest_route=%2Fwp%2Fv2%2Fcategories&post=1575"},{"taxonomy":"post_tag","embeddable":true,"href":"https:\/\/gruene-weissach.de\/index.php?rest_route=%2Fwp%2Fv2%2Ftags&post=1575"}],"curies":[{"name":"wp","href":"https:\/\/api.w.org\/{rel}","templated":true}]}}