{"id":1596,"date":"2025-02-27T13:24:25","date_gmt":"2025-02-27T12:24:25","guid":{"rendered":"https:\/\/gruene-weissach.de\/?p=1596"},"modified":"2025-02-27T17:41:44","modified_gmt":"2025-02-27T16:41:44","slug":"eine-philosophische-nachbetrachtung-zur-wahl-halunken-und-gerechte","status":"publish","type":"post","link":"https:\/\/gruene-weissach.de\/?p=1596","title":{"rendered":"Eine philosophische Nachbetrachtung zur Wahl &#8211; Halunken und Gerechte"},"content":{"rendered":"<p>Dr. Martin Denger hat eine sehr interessante Nachbetrachtung zur Bundestagswahl gemacht. Er bezieht sich dabei auf den ber\u00fchmten griechischen Philosophen Platon, der bereits vor 2500 Jahren sein gro\u00dfes Werk &#8222;Politeia&#8220; \u00fcber die Menschen und ihr gesellschaftliches Zusammenleben verfasst hat. Hier der Text von Martin Denger:<\/p>\n<p>&#8222;Mein Buch zur gestrigen Bundestagswahl hei\u00dft: Der Staat. Geschrieben hat es Platon vor fast 2500 Jahren, und doch scheint es mir sehr aktuell zu sein. Platon unterscheidet drei Typen von Menschen: den Halunken, den Simulanten und den Gerechten.<\/p>\n<p>Die Halunken, so Platon, sind oft popul\u00e4r. Denken Sie nur an Politiker wie Boris Johnson, Silvio Berlusconi oder Donald Trump. Wir wissen, dass sie in Skandale verwickelt sind \u2013 wilde Partys, krumme Gesch\u00e4fte, L\u00fcgen am laufenden Band \u2013 und dennoch gewinnen sie Wahlen. Zwar sind sie Halunken, doch sie faszinieren die Menschen mit ihren Erfolgen, ihrem Reichtum, ihrer Dreistigkeit.<\/p>\n<p>Dann gibt es laut Platon noch die Simulanten. Sie tun so, als w\u00fcrden sie sich an die Regeln halten und sich f\u00fcr das Gemeinwohl einsetzen. Doch oft bleibt ein Zweifel: Sind sie wirklich ehrlich, oder spielt da nicht doch ein wenig Taktik mit? Einige von ihnen schwingen gro\u00dfe Reden als Politiker. Aber ein paar Jahre sp\u00e4ter verdienen sie sich als Lobbyisten eine goldene Nase. &#8222;Naja, Politiker sind auch nur Menschen&#8220;, sagen wir uns. \u201eWer soll dem gro\u00dfen Geld schon widerstehen?\u201c<\/p>\n<p>Und schlie\u00dflich identifiziert Platon als dritte Gruppe die Gerechten. Diese Menschen glauben so fest an das Gute, dass sie sich selbst keinerlei Fehltritte erlauben. Sie leben bescheiden, verzichten auf Privilegien und bleiben ihren Idealen treu. Doch Platon ist sich sicher: Diese Gerechten haben in der Politik kaum eine Chance. Sie ecken zu oft an, weil sie kritisieren und ihre hohen Ma\u00dfst\u00e4be durchsetzen wollen. Fr\u00fcher oder sp\u00e4ter \u2013 sagt Platon \u2013 hasst das Volk diese Idealisten.<\/p>\n<p>Platon l\u00e4sst mich etwas ratlos zur\u00fcck. Denn so richtig \u00fcberzeugen kann keiner dieser Typen. Ich w\u00fcnsche mir Menschen in der Politik, die um ihre eigenen Schw\u00e4chen wissen und mir nichts versprechen, was sie nicht halten k\u00f6nnen. Menschen, die ehrlich sind und zugleich kluge Kompromisse eingehen.<\/p>\n<p>Platon hat vor fast 2500 Jahren gefragt: Was erwarten wir von denen, die das Land regieren? Wahrscheinlich ist die Antwort darauf nicht in einem der drei Typen zu finden, sondern bei denen, die die Grenzen dieser Rollen \u00fcberschreiten \u2013 die mutig genug sind, sowohl ihre Ideale zu leben als auch die Realit\u00e4t anzunehmen.&#8220;<\/p>\n<p>Quelle: SWR Kultur Wort zum Tag vom 24.02.25<br \/>\nLink: <a href=\"https:\/\/www.kirche-im-swr.de\/beitraege\/?id=41672\" target=\"_blank\" rel=\"noopener\">https:\/\/www.kirche-im-swr.de\/beitraege\/?id=41672<\/a><\/p>\n<p>Wir denken, dass die Gr\u00fcnen am ehesten der Gruppe der Gerechten zu zuordnen sind. Dies w\u00e4re auch eine Erkl\u00e4rung daf\u00fcr, weshalb sich die Gr\u00fcnen mit vielen Anfeindungen bis hin zu Hass und Gewalt konfrontiert sehen.<\/p>\n<p>&nbsp;<\/p>\n<p>&nbsp;<\/p>\n","protected":false},"excerpt":{"rendered":"<p>Dr. Martin Denger hat eine sehr interessante Nachbetrachtung zur Bundestagswahl [&hellip;]<\/p>\n","protected":false},"author":-1,"featured_media":0,"comment_status":"closed","ping_status":"closed","sticky":false,"template":"","format":"standard","meta":{"footnotes":""},"categories":[2,1],"tags":[],"class_list":["post-1596","post","type-post","status-publish","format-standard","hentry","category-aktuell","category-allgemein"],"_links":{"self":[{"href":"https:\/\/gruene-weissach.de\/index.php?rest_route=\/wp\/v2\/posts\/1596","targetHints":{"allow":["GET"]}}],"collection":[{"href":"https:\/\/gruene-weissach.de\/index.php?rest_route=\/wp\/v2\/posts"}],"about":[{"href":"https:\/\/gruene-weissach.de\/index.php?rest_route=\/wp\/v2\/types\/post"}],"author":[{"embeddable":true,"href":"https:\/\/gruene-weissach.de\/index.php?rest_route=\/wp\/v2\/users\/1"}],"replies":[{"embeddable":true,"href":"https:\/\/gruene-weissach.de\/index.php?rest_route=%2Fwp%2Fv2%2Fcomments&post=1596"}],"version-history":[{"count":4,"href":"https:\/\/gruene-weissach.de\/index.php?rest_route=\/wp\/v2\/posts\/1596\/revisions"}],"predecessor-version":[{"id":1600,"href":"https:\/\/gruene-weissach.de\/index.php?rest_route=\/wp\/v2\/posts\/1596\/revisions\/1600"}],"wp:attachment":[{"href":"https:\/\/gruene-weissach.de\/index.php?rest_route=%2Fwp%2Fv2%2Fmedia&parent=1596"}],"wp:term":[{"taxonomy":"category","embeddable":true,"href":"https:\/\/gruene-weissach.de\/index.php?rest_route=%2Fwp%2Fv2%2Fcategories&post=1596"},{"taxonomy":"post_tag","embeddable":true,"href":"https:\/\/gruene-weissach.de\/index.php?rest_route=%2Fwp%2Fv2%2Ftags&post=1596"}],"curies":[{"name":"wp","href":"https:\/\/api.w.org\/{rel}","templated":true}]}}