{"id":261,"date":"2019-02-08T12:16:47","date_gmt":"2019-02-08T11:16:47","guid":{"rendered":"https:\/\/gruene-weissach.de\/?p=261"},"modified":"2019-02-12T14:00:46","modified_gmt":"2019-02-12T13:00:46","slug":"gruener-neujahrsempfang-mkt-robert-habeck","status":"publish","type":"post","link":"https:\/\/gruene-weissach.de\/?p=261","title":{"rendered":"Gr\u00fcner Neujahrsempfang mit Robert Habeck"},"content":{"rendered":"<p>Petra, Gaby und Markus waren beim Gr\u00fcnen Neujahrsempfang mit Robert Habeck. Robert hat eine tolle Rede gehalten, und wir konnten danach noch mit ihm pers\u00f6nlich reden. Als kleines Geschenk haben wir ihm eine CD von Grachmusikoff \u00fcberreicht. (wh)<\/p>\n<p><a href=\"https:\/\/gruene-weissach.de\/wp-content\/uploads\/2019\/02\/habeck2.jpg\"><img loading=\"lazy\" decoding=\"async\" class=\"alignnone size-medium wp-image-258\" src=\"https:\/\/gruene-weissach.de\/wp-content\/uploads\/2019\/02\/habeck2-400x300.jpg\" alt=\"\" width=\"400\" height=\"300\" srcset=\"https:\/\/gruene-weissach.de\/wp-content\/uploads\/2019\/02\/habeck2-400x300.jpg 400w, https:\/\/gruene-weissach.de\/wp-content\/uploads\/2019\/02\/habeck2-768x576.jpg 768w, https:\/\/gruene-weissach.de\/wp-content\/uploads\/2019\/02\/habeck2-800x600.jpg 800w, https:\/\/gruene-weissach.de\/wp-content\/uploads\/2019\/02\/habeck2-150x113.jpg 150w, https:\/\/gruene-weissach.de\/wp-content\/uploads\/2019\/02\/habeck2.jpg 1600w\" sizes=\"auto, (max-width: 400px) 100vw, 400px\" \/>\u00a0<\/a><\/p>\n<p><a href=\"https:\/\/gruene-weissach.de\/wp-content\/uploads\/2019\/02\/habeck4-e1549624179793.jpg\"><img loading=\"lazy\" decoding=\"async\" class=\"alignnone size-medium wp-image-260\" src=\"https:\/\/gruene-weissach.de\/wp-content\/uploads\/2019\/02\/habeck4-e1549624179793-400x533.jpg\" alt=\"\" width=\"400\" height=\"533\" srcset=\"https:\/\/gruene-weissach.de\/wp-content\/uploads\/2019\/02\/habeck4-e1549624179793-400x533.jpg 400w, https:\/\/gruene-weissach.de\/wp-content\/uploads\/2019\/02\/habeck4-e1549624179793-113x150.jpg 113w, https:\/\/gruene-weissach.de\/wp-content\/uploads\/2019\/02\/habeck4-e1549624179793.jpg 480w\" sizes=\"auto, (max-width: 400px) 100vw, 400px\" \/>\u00a0\u00a0<\/a><a href=\"https:\/\/gruene-weissach.de\/wp-content\/uploads\/2019\/02\/habeck3-e1549624198208.jpg\"><img loading=\"lazy\" decoding=\"async\" class=\"alignnone size-medium wp-image-259\" src=\"https:\/\/gruene-weissach.de\/wp-content\/uploads\/2019\/02\/habeck3-e1549624198208-400x533.jpg\" alt=\"\" width=\"400\" height=\"533\" srcset=\"https:\/\/gruene-weissach.de\/wp-content\/uploads\/2019\/02\/habeck3-e1549624198208-400x533.jpg 400w, https:\/\/gruene-weissach.de\/wp-content\/uploads\/2019\/02\/habeck3-e1549624198208-768x1024.jpg 768w, https:\/\/gruene-weissach.de\/wp-content\/uploads\/2019\/02\/habeck3-e1549624198208-800x1067.jpg 800w, https:\/\/gruene-weissach.de\/wp-content\/uploads\/2019\/02\/habeck3-e1549624198208-113x150.jpg 113w\" sizes=\"auto, (max-width: 400px) 100vw, 400px\" \/><\/a><\/p>\n","protected":false},"excerpt":{"rendered":"<p>Petra, Gaby und Markus waren beim Gr\u00fcnen Neujahrsempfang mit Robert [&hellip;]<\/p>\n","protected":false},"author":-1,"featured_media":0,"comment_status":"open","ping_status":"open","sticky":false,"template":"","format":"standard","meta":{"footnotes":""},"categories":[2,1],"tags":[],"class_list":["post-261","post","type-post","status-publish","format-standard","hentry","category-aktuell","category-allgemein"],"_links":{"self":[{"href":"https:\/\/gruene-weissach.de\/index.php?rest_route=\/wp\/v2\/posts\/261","targetHints":{"allow":["GET"]}}],"collection":[{"href":"https:\/\/gruene-weissach.de\/index.php?rest_route=\/wp\/v2\/posts"}],"about":[{"href":"https:\/\/gruene-weissach.de\/index.php?rest_route=\/wp\/v2\/types\/post"}],"author":[{"embeddable":true,"href":"https:\/\/gruene-weissach.de\/index.php?rest_route=\/wp\/v2\/users\/1"}],"replies":[{"embeddable":true,"href":"https:\/\/gruene-weissach.de\/index.php?rest_route=%2Fwp%2Fv2%2Fcomments&post=261"}],"version-history":[{"count":4,"href":"https:\/\/gruene-weissach.de\/index.php?rest_route=\/wp\/v2\/posts\/261\/revisions"}],"predecessor-version":[{"id":266,"href":"https:\/\/gruene-weissach.de\/index.php?rest_route=\/wp\/v2\/posts\/261\/revisions\/266"}],"wp:attachment":[{"href":"https:\/\/gruene-weissach.de\/index.php?rest_route=%2Fwp%2Fv2%2Fmedia&parent=261"}],"wp:term":[{"taxonomy":"category","embeddable":true,"href":"https:\/\/gruene-weissach.de\/index.php?rest_route=%2Fwp%2Fv2%2Fcategories&post=261"},{"taxonomy":"post_tag","embeddable":true,"href":"https:\/\/gruene-weissach.de\/index.php?rest_route=%2Fwp%2Fv2%2Ftags&post=261"}],"curies":[{"name":"wp","href":"https:\/\/api.w.org\/{rel}","templated":true}]}}