{"id":295,"date":"2019-03-15T12:55:21","date_gmt":"2019-03-15T11:55:21","guid":{"rendered":"https:\/\/gruene-weissach.de\/?p=295"},"modified":"2019-03-15T12:58:52","modified_gmt":"2019-03-15T11:58:52","slug":"hier-ist-zukunft-zu-hause","status":"publish","type":"post","link":"https:\/\/gruene-weissach.de\/?p=295","title":{"rendered":"Hier ist Zukunft zu Hause!"},"content":{"rendered":"<h3>Unsere Kampagne zur Kommunalwahl<\/h3>\n<p>Hier ist Zukunft zuhause. Wie wir vor Ort Artenvielfalt sch\u00fctzen, die Energiewende vorantreiben, den Nahverkehr ausbauen, Bildungschancen st\u00e4rken, bezahlbaren Wohnraum schaffen und Vielfalt f\u00f6rdern wollen, k\u00f6nnt ihr hier nachlesen. Und selbstverst\u00e4ndlich k\u00f6nnt ihr auch alle Kampagnenmotive online anschauen.<\/p>\n<p><a href=\"https:\/\/www.gruene-bw.de\/wahlen\/kommunalwahl\/\" target=\"_blank\" rel=\"noopener noreferrer\">Hier geht es zur Kampagne des Gr\u00fcnen Landesverbandes.<\/a><\/p>\n<p>&nbsp;<\/p>\n","protected":false},"excerpt":{"rendered":"<p>Unsere Kampagne zur Kommunalwahl Hier ist Zukunft zuhause. Wie wir [&hellip;]<\/p>\n","protected":false},"author":-1,"featured_media":0,"comment_status":"closed","ping_status":"closed","sticky":false,"template":"","format":"standard","meta":{"footnotes":""},"categories":[2],"tags":[],"class_list":["post-295","post","type-post","status-publish","format-standard","hentry","category-aktuell"],"_links":{"self":[{"href":"https:\/\/gruene-weissach.de\/index.php?rest_route=\/wp\/v2\/posts\/295","targetHints":{"allow":["GET"]}}],"collection":[{"href":"https:\/\/gruene-weissach.de\/index.php?rest_route=\/wp\/v2\/posts"}],"about":[{"href":"https:\/\/gruene-weissach.de\/index.php?rest_route=\/wp\/v2\/types\/post"}],"author":[{"embeddable":true,"href":"https:\/\/gruene-weissach.de\/index.php?rest_route=\/wp\/v2\/users\/1"}],"replies":[{"embeddable":true,"href":"https:\/\/gruene-weissach.de\/index.php?rest_route=%2Fwp%2Fv2%2Fcomments&post=295"}],"version-history":[{"count":3,"href":"https:\/\/gruene-weissach.de\/index.php?rest_route=\/wp\/v2\/posts\/295\/revisions"}],"predecessor-version":[{"id":298,"href":"https:\/\/gruene-weissach.de\/index.php?rest_route=\/wp\/v2\/posts\/295\/revisions\/298"}],"wp:attachment":[{"href":"https:\/\/gruene-weissach.de\/index.php?rest_route=%2Fwp%2Fv2%2Fmedia&parent=295"}],"wp:term":[{"taxonomy":"category","embeddable":true,"href":"https:\/\/gruene-weissach.de\/index.php?rest_route=%2Fwp%2Fv2%2Fcategories&post=295"},{"taxonomy":"post_tag","embeddable":true,"href":"https:\/\/gruene-weissach.de\/index.php?rest_route=%2Fwp%2Fv2%2Ftags&post=295"}],"curies":[{"name":"wp","href":"https:\/\/api.w.org\/{rel}","templated":true}]}}