{"id":437,"date":"2019-04-19T10:54:42","date_gmt":"2019-04-19T08:54:42","guid":{"rendered":"https:\/\/gruene-weissach.de\/?p=437"},"modified":"2019-04-19T10:54:42","modified_gmt":"2019-04-19T08:54:42","slug":"bienensterben-starken-bienenschutz-in-der-eu-durchsetzen","status":"publish","type":"post","link":"https:\/\/gruene-weissach.de\/?p=437","title":{"rendered":"Bienensterben: starken Bienenschutz in der EU durchsetzen!"},"content":{"rendered":"<h4>Eine Petition von Sven Giegold &amp; Martin H\u00e4usling, Gr\u00fcne Europaabgeordnete.<\/h4>\n<p>Trotz des alarmierenden Bienensterbens wollen die EU-Mitgliedsl\u00e4nder den Schutz der Bienen vor Pestiziden abschw\u00e4chen. Mit dabei auch Bundeslandwirtschaftsministerin Julia Kl\u00f6ckner, die den Schutz der Bienen und Best\u00e4uber zwar als \u201csystemrelevant\u201d bezeichnet hatte. Doch wenn es darum geht zu handeln, steht bei Frau Kl\u00f6ckner der Schutz von Profiten einer zerst\u00f6rerischen Agrarindustrie stets vor dem Schutz Umwelt.<\/p>\n<h4><a href=\"https:\/\/www.change.org\/p\/bienensterben-starken-bienenschutz-in-der-eu-durchsetzen?cs_tk=ApGmWQgWcKerASSAvVwAAXicyyvNyQEABF8BvKtYzel8yAjzYNEevIkXRxU%3D&amp;utm_campaign=388270e04d28463ea50386c69fd6ab65&amp;utm_medium=email&amp;utm_source=petition_signer_receipt&amp;utm_term=cs\" target=\"_blank\" rel=\"noopener noreferrer\">Du kannst die Petition hier unterst\u00fctzen.<\/a><\/h4>\n<p>&nbsp;<\/p>\n","protected":false},"excerpt":{"rendered":"<p>Eine Petition von Sven Giegold &amp; Martin H\u00e4usling, Gr\u00fcne Europaabgeordnete. [&hellip;]<\/p>\n","protected":false},"author":-1,"featured_media":0,"comment_status":"closed","ping_status":"closed","sticky":false,"template":"","format":"standard","meta":{"footnotes":""},"categories":[2,1],"tags":[],"class_list":["post-437","post","type-post","status-publish","format-standard","hentry","category-aktuell","category-allgemein"],"_links":{"self":[{"href":"https:\/\/gruene-weissach.de\/index.php?rest_route=\/wp\/v2\/posts\/437","targetHints":{"allow":["GET"]}}],"collection":[{"href":"https:\/\/gruene-weissach.de\/index.php?rest_route=\/wp\/v2\/posts"}],"about":[{"href":"https:\/\/gruene-weissach.de\/index.php?rest_route=\/wp\/v2\/types\/post"}],"author":[{"embeddable":true,"href":"https:\/\/gruene-weissach.de\/index.php?rest_route=\/wp\/v2\/users\/1"}],"replies":[{"embeddable":true,"href":"https:\/\/gruene-weissach.de\/index.php?rest_route=%2Fwp%2Fv2%2Fcomments&post=437"}],"version-history":[{"count":1,"href":"https:\/\/gruene-weissach.de\/index.php?rest_route=\/wp\/v2\/posts\/437\/revisions"}],"predecessor-version":[{"id":438,"href":"https:\/\/gruene-weissach.de\/index.php?rest_route=\/wp\/v2\/posts\/437\/revisions\/438"}],"wp:attachment":[{"href":"https:\/\/gruene-weissach.de\/index.php?rest_route=%2Fwp%2Fv2%2Fmedia&parent=437"}],"wp:term":[{"taxonomy":"category","embeddable":true,"href":"https:\/\/gruene-weissach.de\/index.php?rest_route=%2Fwp%2Fv2%2Fcategories&post=437"},{"taxonomy":"post_tag","embeddable":true,"href":"https:\/\/gruene-weissach.de\/index.php?rest_route=%2Fwp%2Fv2%2Ftags&post=437"}],"curies":[{"name":"wp","href":"https:\/\/api.w.org\/{rel}","templated":true}]}}