{"id":454,"date":"2019-05-05T11:32:59","date_gmt":"2019-05-05T09:32:59","guid":{"rendered":"https:\/\/gruene-weissach.de\/?p=454"},"modified":"2019-05-05T11:32:59","modified_gmt":"2019-05-05T09:32:59","slug":"politik-pizza-ein-voller-erfolg","status":"publish","type":"post","link":"https:\/\/gruene-weissach.de\/?p=454","title":{"rendered":"Politik &#038; Pizza ein voller Erfolg"},"content":{"rendered":"<p>Viele interessierte Erstw\u00e4hler*innen machten sich am Freitag Abend auf den Weg in die alte Strickfabrik und folgten unserer Einladung zu &#8222;Politik &amp; Pizza&#8220;. An mehreren Thementischen konnten sie sich informieren und in kleinen Gruppen austauschen. Die Zeit ging dabei vor\u00fcber wie im Fluge und bald gab es frische Pizza zur St\u00e4rkung sowie verschiedene Erfrischungsgetr\u00e4nke. Nach ca. 1 Stunde wurde dann der Dokumantationsfilm &#8222;Tomorrow&#8220; gezeigt, der inspirierende Beispiele f\u00fcr zukunftsf\u00e4hige L\u00f6sungen in den Bereichen Landwirtschaft, Energie, Mobilit\u00e4t und Bildung unter dem Leitgedanken &#8222;Klimaschutz&#8220; aufzeigte. Im Anschluss an den Film gab es nochmals lebhafte Diskussionen \u00fcber die M\u00f6glichkeiten einer Ver\u00e4nderung von unten durch uns B\u00fcrger*innen.<\/p>\n<p><a href=\"https:\/\/gruene-weissach.de\/wp-content\/uploads\/2019\/05\/20190503_01w.jpg\"><img loading=\"lazy\" decoding=\"async\" class=\"alignnone size-thumbnail wp-image-447\" src=\"https:\/\/gruene-weissach.de\/wp-content\/uploads\/2019\/05\/20190503_01w-150x150.jpg\" alt=\"\" width=\"150\" height=\"150\" \/><\/a> <a href=\"https:\/\/gruene-weissach.de\/wp-content\/uploads\/2019\/05\/20190503_02w.jpg\"><img loading=\"lazy\" decoding=\"async\" class=\"alignnone size-thumbnail wp-image-448\" src=\"https:\/\/gruene-weissach.de\/wp-content\/uploads\/2019\/05\/20190503_02w-150x150.jpg\" alt=\"\" width=\"150\" height=\"150\" \/><\/a> <a href=\"https:\/\/gruene-weissach.de\/wp-content\/uploads\/2019\/05\/20190503_03w.jpg\"><img loading=\"lazy\" decoding=\"async\" class=\"alignnone size-thumbnail wp-image-449\" src=\"https:\/\/gruene-weissach.de\/wp-content\/uploads\/2019\/05\/20190503_03w-150x150.jpg\" alt=\"\" width=\"150\" height=\"150\" \/><\/a> <a href=\"https:\/\/gruene-weissach.de\/wp-content\/uploads\/2019\/05\/20190503_04w.jpg\"><img loading=\"lazy\" decoding=\"async\" class=\"alignnone size-thumbnail wp-image-450\" src=\"https:\/\/gruene-weissach.de\/wp-content\/uploads\/2019\/05\/20190503_04w-150x150.jpg\" alt=\"\" width=\"150\" height=\"150\" \/><\/a> <a href=\"https:\/\/gruene-weissach.de\/wp-content\/uploads\/2019\/05\/20190503_05w.jpg\"><img loading=\"lazy\" decoding=\"async\" class=\"alignnone size-thumbnail wp-image-451\" src=\"https:\/\/gruene-weissach.de\/wp-content\/uploads\/2019\/05\/20190503_05w-150x150.jpg\" alt=\"\" width=\"150\" height=\"150\" \/><\/a> <a href=\"https:\/\/gruene-weissach.de\/wp-content\/uploads\/2019\/05\/20190503_06w.jpg\"><img loading=\"lazy\" decoding=\"async\" class=\"alignnone size-thumbnail wp-image-452\" src=\"https:\/\/gruene-weissach.de\/wp-content\/uploads\/2019\/05\/20190503_06w-150x150.jpg\" alt=\"\" width=\"150\" height=\"150\" \/><\/a> <a href=\"https:\/\/gruene-weissach.de\/wp-content\/uploads\/2019\/05\/20190503_07w.jpg\"><img loading=\"lazy\" decoding=\"async\" class=\"alignnone size-thumbnail wp-image-453\" src=\"https:\/\/gruene-weissach.de\/wp-content\/uploads\/2019\/05\/20190503_07w-150x150.jpg\" alt=\"\" width=\"150\" height=\"150\" \/><\/a><\/p>\n","protected":false},"excerpt":{"rendered":"<p>Viele interessierte Erstw\u00e4hler*innen machten sich am Freitag Abend auf den [&hellip;]<\/p>\n","protected":false},"author":-1,"featured_media":0,"comment_status":"closed","ping_status":"closed","sticky":false,"template":"","format":"standard","meta":{"footnotes":""},"categories":[2,1],"tags":[],"class_list":["post-454","post","type-post","status-publish","format-standard","hentry","category-aktuell","category-allgemein"],"_links":{"self":[{"href":"https:\/\/gruene-weissach.de\/index.php?rest_route=\/wp\/v2\/posts\/454","targetHints":{"allow":["GET"]}}],"collection":[{"href":"https:\/\/gruene-weissach.de\/index.php?rest_route=\/wp\/v2\/posts"}],"about":[{"href":"https:\/\/gruene-weissach.de\/index.php?rest_route=\/wp\/v2\/types\/post"}],"author":[{"embeddable":true,"href":"https:\/\/gruene-weissach.de\/index.php?rest_route=\/wp\/v2\/users\/1"}],"replies":[{"embeddable":true,"href":"https:\/\/gruene-weissach.de\/index.php?rest_route=%2Fwp%2Fv2%2Fcomments&post=454"}],"version-history":[{"count":2,"href":"https:\/\/gruene-weissach.de\/index.php?rest_route=\/wp\/v2\/posts\/454\/revisions"}],"predecessor-version":[{"id":456,"href":"https:\/\/gruene-weissach.de\/index.php?rest_route=\/wp\/v2\/posts\/454\/revisions\/456"}],"wp:attachment":[{"href":"https:\/\/gruene-weissach.de\/index.php?rest_route=%2Fwp%2Fv2%2Fmedia&parent=454"}],"wp:term":[{"taxonomy":"category","embeddable":true,"href":"https:\/\/gruene-weissach.de\/index.php?rest_route=%2Fwp%2Fv2%2Fcategories&post=454"},{"taxonomy":"post_tag","embeddable":true,"href":"https:\/\/gruene-weissach.de\/index.php?rest_route=%2Fwp%2Fv2%2Ftags&post=454"}],"curies":[{"name":"wp","href":"https:\/\/api.w.org\/{rel}","templated":true}]}}