{"id":473,"date":"2019-05-14T12:23:32","date_gmt":"2019-05-14T10:23:32","guid":{"rendered":"https:\/\/gruene-weissach.de\/?p=473"},"modified":"2019-05-14T12:23:32","modified_gmt":"2019-05-14T10:23:32","slug":"kandidatinnenvorstellung-und-mikroplastik-auf-der-spur-am-10-mai","status":"publish","type":"post","link":"https:\/\/gruene-weissach.de\/?p=473","title":{"rendered":"Kandidat*innenvorstellung und \u201eMikroplastik auf der Spur\u201c am 10. Mai"},"content":{"rendered":"<h4><span style=\"font-family: Times New Roman, serif;\"><span style=\"font-size: medium;\"><span style=\"color: #000000;\"><span style=\"font-family: Verdana, serif;\"><span style=\"font-size: small;\"><strong>&#8222;Bei uns ist Zukunft zuhause:<\/strong> Uns Gr\u00fcne leitet der Gedanke, dass es nicht reicht, nur auf das Hier und Jetzt zu blicken. Gute Politik muss eine gute Zukunft erm\u00f6glichen.\u201c So die Aussage der Weissacher Gr\u00fcnen Liste f\u00fcr die Gemeinderatswahl.<\/span><\/span><\/span><\/span><\/span><\/h4>\n<p><span style=\"font-family: Times New Roman, serif;\"><span style=\"font-size: medium;\"><span style=\"color: #000000;\"><span style=\"font-family: Verdana, serif;\"><span style=\"font-size: small;\">18 Kandidatinnen und Kandidaten sind angetreten, um f\u00fcr ein gutes Gr\u00fcnes Ergebnis in Weissach und Flacht bei den Kommunalwahlen am 26. Mai zu k\u00e4mpfen. Sie luden unter Vorsitz der Gr\u00fcnen Kreisr\u00e4tin Petra Herter zu einem Vorstellungsabend ein am 10. Mai im alten Rathaus in Flacht. Sehr engagiert argumentierten die Kandidat*innen, wie sie Ver\u00e4nderungen ansto\u00dfen und dazu beitragen wollen, Gutes zu bewahren. Ganz im Sinne von <strong>\u201eGlobal denken, lokal handeln\u201c<\/strong>. Selbst handeln anstatt abzuwarten ist dabei ihre Maxime. In der Kommunalpolitik etwas bewegen, anstatt nur zu meckern und frischen Wind und gr\u00fcne Politik in die Gemeinde bringen, um <strong>Weissach und Flacht zukunftsf\u00e4hig zu machen<\/strong> und ein lebendiges Gemeinwesen zu erhalten und zu st\u00e4rken.\u00a0<\/span><\/span><\/span><\/span><\/span><\/p>\n<p><span style=\"font-family: Times New Roman, serif;\"><span style=\"font-size: medium;\"><span style=\"color: #000000;\"><span style=\"font-family: Verdana, serif;\"><span style=\"font-size: small;\">Der Wahlkreisabgeordnete und umweltpolitische Sprecher der Fraktion GR\u00dcNE im Landtag, <strong>Dr. Bernd Murschel hielt im Anschluss einen Vortrag zu \u201eMikroplastik auf der Spur\u201c<\/strong>. Er beleuchtete nicht nur die Problematik, sondern zeigte Handlungs- und L\u00f6sungsm\u00f6glichkeiten f\u00fcr das Plastikproblem sowohl auf politischer wie auch auf individueller Ebene auf. Daran anschlie\u00dfend entspann sich eine lebhafte und angeregte Diskussions- und Fragerunde.<\/span><\/span><\/span><\/span><\/span><\/p>\n<p><span style=\"color: #000000;\"><strong>\u201e<\/strong><span style=\"font-family: Times New Roman, serif;\"><span style=\"font-size: medium;\"><span style=\"font-family: Verdana, serif;\"><span style=\"font-size: small;\"><strong>Weissach und Flacht brauchen dringend eine &#8218;Frischzellenkur&#8216;<\/strong> im Ratsgremium. Die sehr lebendige Veranstaltung mit den engagierten Kandidatinnen zeigt einmal mehr, dass Gr\u00fcne Politik in Stadt und Land einen festen Platz einnimmt. Das sollte sich auch auf die Wahlergebnisse niederschlagen,\u201c so Bernd Murschel in der n\u00f6rdlichsten Gemeinde seines Wahlkreises.<\/span><\/span><\/span><\/span><\/span><\/p>\n<p><a href=\"https:\/\/gruene-weissach.de\/wp-content\/uploads\/2019\/05\/gt-mit-bernd_11-mai.jpg\"><img loading=\"lazy\" decoding=\"async\" class=\"alignnone size-thumbnail wp-image-475\" src=\"https:\/\/gruene-weissach.de\/wp-content\/uploads\/2019\/05\/gt-mit-bernd_11-mai-150x150.jpg\" alt=\"\" width=\"150\" height=\"150\" \/><\/a><\/p>\n","protected":false},"excerpt":{"rendered":"<p>&#8222;Bei uns ist Zukunft zuhause: Uns Gr\u00fcne leitet der Gedanke, [&hellip;]<\/p>\n","protected":false},"author":-1,"featured_media":0,"comment_status":"closed","ping_status":"closed","sticky":false,"template":"","format":"standard","meta":{"footnotes":""},"categories":[2,1],"tags":[],"class_list":["post-473","post","type-post","status-publish","format-standard","hentry","category-aktuell","category-allgemein"],"_links":{"self":[{"href":"https:\/\/gruene-weissach.de\/index.php?rest_route=\/wp\/v2\/posts\/473","targetHints":{"allow":["GET"]}}],"collection":[{"href":"https:\/\/gruene-weissach.de\/index.php?rest_route=\/wp\/v2\/posts"}],"about":[{"href":"https:\/\/gruene-weissach.de\/index.php?rest_route=\/wp\/v2\/types\/post"}],"author":[{"embeddable":true,"href":"https:\/\/gruene-weissach.de\/index.php?rest_route=\/wp\/v2\/users\/1"}],"replies":[{"embeddable":true,"href":"https:\/\/gruene-weissach.de\/index.php?rest_route=%2Fwp%2Fv2%2Fcomments&post=473"}],"version-history":[{"count":2,"href":"https:\/\/gruene-weissach.de\/index.php?rest_route=\/wp\/v2\/posts\/473\/revisions"}],"predecessor-version":[{"id":479,"href":"https:\/\/gruene-weissach.de\/index.php?rest_route=\/wp\/v2\/posts\/473\/revisions\/479"}],"wp:attachment":[{"href":"https:\/\/gruene-weissach.de\/index.php?rest_route=%2Fwp%2Fv2%2Fmedia&parent=473"}],"wp:term":[{"taxonomy":"category","embeddable":true,"href":"https:\/\/gruene-weissach.de\/index.php?rest_route=%2Fwp%2Fv2%2Fcategories&post=473"},{"taxonomy":"post_tag","embeddable":true,"href":"https:\/\/gruene-weissach.de\/index.php?rest_route=%2Fwp%2Fv2%2Ftags&post=473"}],"curies":[{"name":"wp","href":"https:\/\/api.w.org\/{rel}","templated":true}]}}