{"id":480,"date":"2019-05-14T12:30:26","date_gmt":"2019-05-14T10:30:26","guid":{"rendered":"https:\/\/gruene-weissach.de\/?p=480"},"modified":"2019-05-14T12:32:09","modified_gmt":"2019-05-14T10:32:09","slug":"wahlkampfstaende-bei-edeka-und-baeckerei-clement","status":"publish","type":"post","link":"https:\/\/gruene-weissach.de\/?p=480","title":{"rendered":"Wahlkampfst\u00e4nde bei Edeka und B\u00e4ckerei Clement"},"content":{"rendered":"<p>Am 10. Mai haben wir uns nachmittags vor dem Edekamarkt pr\u00e4sentiert und den interessierten B\u00fcrger*innen unser Wahlprogramm vorgestellt. Wir verteilten Einkausfsnetze f\u00fcr Obst und Gem\u00fcse, die gerne angenommen wurden. Wenigstens ein kleiner Beitrag zur Reduzierung von unn\u00f6tigen Plastikverpackungen.<\/p>\n<p><a href=\"https:\/\/gruene-weissach.de\/wp-content\/uploads\/2019\/05\/wahlkampf-edeka_10-mai-e1557829348676.jpg\"><img loading=\"lazy\" decoding=\"async\" class=\"alignnone size-thumbnail wp-image-478\" src=\"https:\/\/gruene-weissach.de\/wp-content\/uploads\/2019\/05\/wahlkampf-edeka_10-mai-e1557829348676-150x150.jpg\" alt=\"\" width=\"150\" height=\"150\" \/><\/a><\/p>\n<p>Am 11. Mai waren wir bereits ab 7:30 Uhr vor Ort bei der B\u00e4ckerei Clement in Flacht. Auch hier konnten wir mit den interessierten B\u00fcrger*innen ins Gespr\u00e4ch kommen. Dank guter Gespr\u00e4che verging die Zeit wie im Fluge.<\/p>\n<p><a href=\"https:\/\/gruene-weissach.de\/wp-content\/uploads\/2019\/05\/wahlkampf-clement_11-mai-e1557829362286.jpg\"><img loading=\"lazy\" decoding=\"async\" class=\"alignnone size-thumbnail wp-image-477\" src=\"https:\/\/gruene-weissach.de\/wp-content\/uploads\/2019\/05\/wahlkampf-clement_11-mai-e1557829362286-150x150.jpg\" alt=\"\" width=\"150\" height=\"150\" \/><\/a> <a href=\"https:\/\/gruene-weissach.de\/wp-content\/uploads\/2019\/05\/wahlkampf2-clement_11-mai.jpg\"><img loading=\"lazy\" decoding=\"async\" class=\"alignnone size-thumbnail wp-image-476\" src=\"https:\/\/gruene-weissach.de\/wp-content\/uploads\/2019\/05\/wahlkampf2-clement_11-mai-150x150.jpg\" alt=\"\" width=\"150\" height=\"150\" \/><\/a><\/p>\n<p>&nbsp;<\/p>\n","protected":false},"excerpt":{"rendered":"<p>Am 10. Mai haben wir uns nachmittags vor dem Edekamarkt [&hellip;]<\/p>\n","protected":false},"author":-1,"featured_media":0,"comment_status":"closed","ping_status":"closed","sticky":false,"template":"","format":"standard","meta":{"footnotes":""},"categories":[2,1],"tags":[],"class_list":["post-480","post","type-post","status-publish","format-standard","hentry","category-aktuell","category-allgemein"],"_links":{"self":[{"href":"https:\/\/gruene-weissach.de\/index.php?rest_route=\/wp\/v2\/posts\/480","targetHints":{"allow":["GET"]}}],"collection":[{"href":"https:\/\/gruene-weissach.de\/index.php?rest_route=\/wp\/v2\/posts"}],"about":[{"href":"https:\/\/gruene-weissach.de\/index.php?rest_route=\/wp\/v2\/types\/post"}],"author":[{"embeddable":true,"href":"https:\/\/gruene-weissach.de\/index.php?rest_route=\/wp\/v2\/users\/1"}],"replies":[{"embeddable":true,"href":"https:\/\/gruene-weissach.de\/index.php?rest_route=%2Fwp%2Fv2%2Fcomments&post=480"}],"version-history":[{"count":3,"href":"https:\/\/gruene-weissach.de\/index.php?rest_route=\/wp\/v2\/posts\/480\/revisions"}],"predecessor-version":[{"id":484,"href":"https:\/\/gruene-weissach.de\/index.php?rest_route=\/wp\/v2\/posts\/480\/revisions\/484"}],"wp:attachment":[{"href":"https:\/\/gruene-weissach.de\/index.php?rest_route=%2Fwp%2Fv2%2Fmedia&parent=480"}],"wp:term":[{"taxonomy":"category","embeddable":true,"href":"https:\/\/gruene-weissach.de\/index.php?rest_route=%2Fwp%2Fv2%2Fcategories&post=480"},{"taxonomy":"post_tag","embeddable":true,"href":"https:\/\/gruene-weissach.de\/index.php?rest_route=%2Fwp%2Fv2%2Ftags&post=480"}],"curies":[{"name":"wp","href":"https:\/\/api.w.org\/{rel}","templated":true}]}}