{"id":486,"date":"2019-05-16T16:17:53","date_gmt":"2019-05-16T14:17:53","guid":{"rendered":"https:\/\/gruene-weissach.de\/?p=486"},"modified":"2019-05-16T16:18:13","modified_gmt":"2019-05-16T14:18:13","slug":"fuer-ein-nachhaltiges-gerechtes-und-stabiles-finanzsystem","status":"publish","type":"post","link":"https:\/\/gruene-weissach.de\/?p=486","title":{"rendered":"F\u00fcr ein nachhaltiges, gerechtes und stabiles Finanzsystem"},"content":{"rendered":"<h4>von Sven Giegold, Gr\u00fcner Europaabgeordneter<\/h4>\n<p>&#8222;Um die Probleme zu gro\u00dfer, zu komplexer und zu vernetzter Kreditinstitute anzugehen, braucht Europa dringend ein Trennbankensystem. Der Finanzstabilit\u00e4t dienen wir am besten mit harten, aber m\u00f6glichst einfachen Regeln. Dazu geh\u00f6ren eine risiko-ungewichtete Leverage Ratio in H\u00f6he von 10% sowie harte Vorgaben zur Begrenzung von Risiken aus Schattenbanken. Damit das Finanzwesen wieder der Gesellschaft dient, m\u00fcssen wir es dringend stabiler machen und Kapitalstr\u00f6me in Richtung einer umweltvertr\u00e4glichen und sozial verantwortlichen Kreditvergabe und Geldanlage umlenken. &#8230;&#8220;<\/p>\n<p>Hier gehts zum Bericht von <a href=\"https:\/\/www.finance-watch.org\/press-release\/eu-elections-2019-political-groups-race-to-the-top-for-making-finance-serve-society\/\" target=\"_blank\" rel=\"noopener noreferrer\">Finance Watch<\/a><\/p>\n","protected":false},"excerpt":{"rendered":"<p>von Sven Giegold, Gr\u00fcner Europaabgeordneter &#8222;Um die Probleme zu gro\u00dfer, [&hellip;]<\/p>\n","protected":false},"author":-1,"featured_media":0,"comment_status":"closed","ping_status":"closed","sticky":false,"template":"","format":"standard","meta":{"footnotes":""},"categories":[2,1],"tags":[],"class_list":["post-486","post","type-post","status-publish","format-standard","hentry","category-aktuell","category-allgemein"],"_links":{"self":[{"href":"https:\/\/gruene-weissach.de\/index.php?rest_route=\/wp\/v2\/posts\/486","targetHints":{"allow":["GET"]}}],"collection":[{"href":"https:\/\/gruene-weissach.de\/index.php?rest_route=\/wp\/v2\/posts"}],"about":[{"href":"https:\/\/gruene-weissach.de\/index.php?rest_route=\/wp\/v2\/types\/post"}],"author":[{"embeddable":true,"href":"https:\/\/gruene-weissach.de\/index.php?rest_route=\/wp\/v2\/users\/1"}],"replies":[{"embeddable":true,"href":"https:\/\/gruene-weissach.de\/index.php?rest_route=%2Fwp%2Fv2%2Fcomments&post=486"}],"version-history":[{"count":1,"href":"https:\/\/gruene-weissach.de\/index.php?rest_route=\/wp\/v2\/posts\/486\/revisions"}],"predecessor-version":[{"id":487,"href":"https:\/\/gruene-weissach.de\/index.php?rest_route=\/wp\/v2\/posts\/486\/revisions\/487"}],"wp:attachment":[{"href":"https:\/\/gruene-weissach.de\/index.php?rest_route=%2Fwp%2Fv2%2Fmedia&parent=486"}],"wp:term":[{"taxonomy":"category","embeddable":true,"href":"https:\/\/gruene-weissach.de\/index.php?rest_route=%2Fwp%2Fv2%2Fcategories&post=486"},{"taxonomy":"post_tag","embeddable":true,"href":"https:\/\/gruene-weissach.de\/index.php?rest_route=%2Fwp%2Fv2%2Ftags&post=486"}],"curies":[{"name":"wp","href":"https:\/\/api.w.org\/{rel}","templated":true}]}}