{"id":488,"date":"2019-05-19T22:47:31","date_gmt":"2019-05-19T20:47:31","guid":{"rendered":"https:\/\/gruene-weissach.de\/?p=488"},"modified":"2019-05-19T22:47:31","modified_gmt":"2019-05-19T20:47:31","slug":"wen-waehlen-fuer-mehr-klimaschutz","status":"publish","type":"post","link":"https:\/\/gruene-weissach.de\/?p=488","title":{"rendered":"Wen w\u00e4hlen f\u00fcr mehr Klimaschutz?"},"content":{"rendered":"<h4>Welche Partei setzt sich in Europa wirklich f\u00fcr Klimaschutz ein?<\/h4>\n<p>Die Gr\u00fcnen im europ\u00e4ischen Parlament zeigten bereits in der bisherigen Legislaturperiode ein sehr gutes Abstimmungsverhalten. Dies dokumentiert\u00a0eine\u00a0Analyse vom <a href=\"https:\/\/www.dnr.de\/presse\/pressemitteilungen\/pm-2019\/ranking-zeigt-wer-meint-es-ernst-im-klimaschutz\/\" target=\"_blank\" rel=\"noopener noreferrer\">Deutschen Naturschutzring (DNR)<\/a> und dem <a href=\"http:\/\/www.caneurope.org\/publications\/press-releases\/1758-defenders-delayers-or-dinosaurs-where-do-eu-political-groups-stand-on-climate-change\" target=\"_blank\" rel=\"noopener noreferrer\">Climate Action Network (CAN).<\/a>\u00a0In 88 Prozent der gewerteten Abstimmungen stimmten die Abgeordneten demnach f\u00fcr konsequenten Klimaschutz. Bei den Spitzenkandidaten der Gr\u00fcnen aus Deutschland, Ska Keller und Sven Giegold, waren es sogar 96 Prozent der gewerteten Abstimmungen.<\/p>\n<p>Weitere Infos findest du <strong><a href=\"https:\/\/www.solarify.eu\/2019\/04\/25\/660-europawahl-2019-wen-waehlen-fuer-mehr-klimaschutz\/\" target=\"_blank\" rel=\"noopener noreferrer\">hier.<\/a><\/strong><\/p>\n","protected":false},"excerpt":{"rendered":"<p>Welche Partei setzt sich in Europa wirklich f\u00fcr Klimaschutz ein? [&hellip;]<\/p>\n","protected":false},"author":-1,"featured_media":0,"comment_status":"closed","ping_status":"closed","sticky":false,"template":"","format":"standard","meta":{"footnotes":""},"categories":[2,1],"tags":[],"class_list":["post-488","post","type-post","status-publish","format-standard","hentry","category-aktuell","category-allgemein"],"_links":{"self":[{"href":"https:\/\/gruene-weissach.de\/index.php?rest_route=\/wp\/v2\/posts\/488","targetHints":{"allow":["GET"]}}],"collection":[{"href":"https:\/\/gruene-weissach.de\/index.php?rest_route=\/wp\/v2\/posts"}],"about":[{"href":"https:\/\/gruene-weissach.de\/index.php?rest_route=\/wp\/v2\/types\/post"}],"author":[{"embeddable":true,"href":"https:\/\/gruene-weissach.de\/index.php?rest_route=\/wp\/v2\/users\/1"}],"replies":[{"embeddable":true,"href":"https:\/\/gruene-weissach.de\/index.php?rest_route=%2Fwp%2Fv2%2Fcomments&post=488"}],"version-history":[{"count":1,"href":"https:\/\/gruene-weissach.de\/index.php?rest_route=\/wp\/v2\/posts\/488\/revisions"}],"predecessor-version":[{"id":489,"href":"https:\/\/gruene-weissach.de\/index.php?rest_route=\/wp\/v2\/posts\/488\/revisions\/489"}],"wp:attachment":[{"href":"https:\/\/gruene-weissach.de\/index.php?rest_route=%2Fwp%2Fv2%2Fmedia&parent=488"}],"wp:term":[{"taxonomy":"category","embeddable":true,"href":"https:\/\/gruene-weissach.de\/index.php?rest_route=%2Fwp%2Fv2%2Fcategories&post=488"},{"taxonomy":"post_tag","embeddable":true,"href":"https:\/\/gruene-weissach.de\/index.php?rest_route=%2Fwp%2Fv2%2Ftags&post=488"}],"curies":[{"name":"wp","href":"https:\/\/api.w.org\/{rel}","templated":true}]}}