{"id":505,"date":"2019-06-22T11:03:53","date_gmt":"2019-06-22T09:03:53","guid":{"rendered":"https:\/\/gruene-weissach.de\/?p=505"},"modified":"2019-06-22T11:03:53","modified_gmt":"2019-06-22T09:03:53","slug":"einladung-zum-gruenen-treff-am-4-juli","status":"publish","type":"post","link":"https:\/\/gruene-weissach.de\/?p=505","title":{"rendered":"Einladung zum Gr\u00fcnen Treff am 4. Juli"},"content":{"rendered":"<h4 class=\"western\" lang=\"it-IT\"><b>Wir treffen uns wieder!<\/b><\/h4>\n<h4 class=\"western\" lang=\"it-IT\"><b>Herzliche Einladung an alle Interessierten f\u00fcr unsere Arbeit<\/b><\/h4>\n<p class=\"western\" lang=\"it-IT\">Nach dem \u00fcberaus erfolgreichen Ergebnis bei den Kommunalwahlen und unseren vier neu gewonnenen Sitzen im Gemeinderat freuen wir uns nun sehr auf unsere Arbeit,<\/p>\n<p class=\"western\" lang=\"it-IT\">Erstmals nach der Kommunalwahl wollen wir uns alle wieder gemeinsam treffen.<\/p>\n<p class=\"western\" lang=\"it-IT\">Dazu laden wir Euch alle herzlich ein.- Wer also Lust hat, bei uns mitzuarbeiten, oder sich einfach f\u00fcr unsere Arbeit interessiert und sich informieren m\u00f6chte ist jederzeit ganz herzlich willkommen am:<\/p>\n<p class=\"western\" lang=\"it-IT\"><b>Donnerstag, den 04.07.2019 um 20 Uhr <\/b><\/p>\n<p class=\"western\" lang=\"it-IT\"><b>im Kleinen Sitzungssaal des Rathauses Weissach<\/b><\/p>\n<p class=\"western\" lang=\"it-IT\">Wir freuen uns auch \u00fcber neue Gesichter und weitere Unterst\u00fctzung!<\/p>\n<p class=\"western\" lang=\"it-IT\">An diesem Abend wollen wir Euch aufzeigen, wie wir uns die zuk\u00fcnftige Arbeit vorstellen, denn nun hei\u00dft es mitarbeiten und mitgestalten \u2013 und daf\u00fcr brauchen wir nat\u00fcrlich Unterst\u00fctzung.<\/p>\n<p class=\"western\" lang=\"it-IT\">Eure Gr\u00fcne Gemeinderatsfraktion<\/p>\n<p class=\"western\" lang=\"de-DE\"><span lang=\"it-IT\">Kontakt: Petra Herter \u2013 Tel. 901133 oder Email<\/span><span style=\"color: #222222;\"><span lang=\"it-IT\">: <\/span><\/span><span style=\"color: #0563c1;\"><u><a href=\"#\" data-unscramble=\"ed.enilno-t@hcassiew-eneurg\" target=\"_top\" rel=\"noopener noreferrer\"><span lang=\"it-IT\">gruene-weissach@t-online.de<\/span><\/a><\/u><\/span><\/p>\n<p class=\"western\" lang=\"de-DE\"><span style=\"color: #222222;\"><span lang=\"it-IT\">\u00a0<\/span><\/span><\/p>\n","protected":false},"excerpt":{"rendered":"<p>Wir treffen uns wieder! Herzliche Einladung an alle Interessierten f\u00fcr [&hellip;]<\/p>\n","protected":false},"author":-1,"featured_media":0,"comment_status":"closed","ping_status":"closed","sticky":false,"template":"","format":"standard","meta":{"footnotes":""},"categories":[2,1],"tags":[],"class_list":["post-505","post","type-post","status-publish","format-standard","hentry","category-aktuell","category-allgemein"],"_links":{"self":[{"href":"https:\/\/gruene-weissach.de\/index.php?rest_route=\/wp\/v2\/posts\/505","targetHints":{"allow":["GET"]}}],"collection":[{"href":"https:\/\/gruene-weissach.de\/index.php?rest_route=\/wp\/v2\/posts"}],"about":[{"href":"https:\/\/gruene-weissach.de\/index.php?rest_route=\/wp\/v2\/types\/post"}],"author":[{"embeddable":true,"href":"https:\/\/gruene-weissach.de\/index.php?rest_route=\/wp\/v2\/users\/1"}],"replies":[{"embeddable":true,"href":"https:\/\/gruene-weissach.de\/index.php?rest_route=%2Fwp%2Fv2%2Fcomments&post=505"}],"version-history":[{"count":2,"href":"https:\/\/gruene-weissach.de\/index.php?rest_route=\/wp\/v2\/posts\/505\/revisions"}],"predecessor-version":[{"id":507,"href":"https:\/\/gruene-weissach.de\/index.php?rest_route=\/wp\/v2\/posts\/505\/revisions\/507"}],"wp:attachment":[{"href":"https:\/\/gruene-weissach.de\/index.php?rest_route=%2Fwp%2Fv2%2Fmedia&parent=505"}],"wp:term":[{"taxonomy":"category","embeddable":true,"href":"https:\/\/gruene-weissach.de\/index.php?rest_route=%2Fwp%2Fv2%2Fcategories&post=505"},{"taxonomy":"post_tag","embeddable":true,"href":"https:\/\/gruene-weissach.de\/index.php?rest_route=%2Fwp%2Fv2%2Ftags&post=505"}],"curies":[{"name":"wp","href":"https:\/\/api.w.org\/{rel}","templated":true}]}}