{"id":511,"date":"2019-07-03T12:44:04","date_gmt":"2019-07-03T10:44:04","guid":{"rendered":"https:\/\/gruene-weissach.de\/?p=511"},"modified":"2019-07-03T12:44:04","modified_gmt":"2019-07-03T10:44:04","slug":"neuer-gemeinderat-mit-gruener-fraktion","status":"publish","type":"post","link":"https:\/\/gruene-weissach.de\/?p=511","title":{"rendered":"Neuer Gemeinderat mit Gr\u00fcner Fraktion"},"content":{"rendered":"<p>Am 28.06.2019 wurde unsere vier neuen Gemeinder\u00e4te in einer konstituierenden Sitzung in ihre neue T\u00e4tigkeit eingeweiht und vereidigt. Die Vereidigung durfte stellvertretend f\u00fcr alle Gemeinder\u00e4te das j\u00fcngste Gemeinderatsmitglied, unsere Christina zusammen mit B\u00fcrgermeister Herrn T\u00f6pfer vornehmen.<\/p>\n<p>Dass wir, die Gr\u00fcnen mit vier Sitzen ab heute im Gemeinderat vertreten sind, freut uns sehr. Genauso freuen wir uns auf die Zusammenarbeit mit allen!<\/p>\n<p>Wir w\u00fcnschen uns eine zu jederzeit offene, ehrliche, faire und konstruktive Zusammenarbeit. Besonders wichtig ist uns auch ein stets menschliches und von Respekt getragenes miteinander.<br \/>\nAls gr\u00fcne Gemeinderatsfraktion sind wir sehr motiviert f\u00fcr unsere zuk\u00fcnftigen Aufgaben. Wir werden Ideen und Visionen einbringen zum Wohle unserer Gemeinde.<br \/>\nWir m\u00f6chten die weitere Entwicklung von Weissach und Flacht gemeinsam aktiv und voller Leidenschaft angehen.<br \/>\nWir sind der Meinung, dass es uns allen so gelingen kann und muss f\u00fcr die gro\u00dfen globalen Herausforderungen gute L\u00f6sungen zu finden.<br \/>\nDaf\u00fcr ist kreatives und innovatives Denken erforderlich und Offenheit daf\u00fcr, auch einmal etwas auszuprobieren.<br \/>\nWir schauen gespannt in unsere weitere Zukunft. Am 08.07.2019 steht unsere erste Gemeinderatssitzung an.<\/p>\n<p><a href=\"https:\/\/gruene-weissach.de\/wp-content\/uploads\/2019\/07\/Sitzung-28.06.2019_3.jpg\"><img loading=\"lazy\" decoding=\"async\" class=\"alignnone size-medium wp-image-510\" src=\"https:\/\/gruene-weissach.de\/wp-content\/uploads\/2019\/07\/Sitzung-28.06.2019_3-400x300.jpg\" alt=\"\" width=\"400\" height=\"300\" srcset=\"https:\/\/gruene-weissach.de\/wp-content\/uploads\/2019\/07\/Sitzung-28.06.2019_3-400x300.jpg 400w, https:\/\/gruene-weissach.de\/wp-content\/uploads\/2019\/07\/Sitzung-28.06.2019_3-768x576.jpg 768w, https:\/\/gruene-weissach.de\/wp-content\/uploads\/2019\/07\/Sitzung-28.06.2019_3-800x600.jpg 800w, https:\/\/gruene-weissach.de\/wp-content\/uploads\/2019\/07\/Sitzung-28.06.2019_3-150x113.jpg 150w, https:\/\/gruene-weissach.de\/wp-content\/uploads\/2019\/07\/Sitzung-28.06.2019_3.jpg 1080w\" sizes=\"auto, (max-width: 400px) 100vw, 400px\" \/><\/a><\/p>\n","protected":false},"excerpt":{"rendered":"<p>Am 28.06.2019 wurde unsere vier neuen Gemeinder\u00e4te in einer konstituierenden [&hellip;]<\/p>\n","protected":false},"author":-1,"featured_media":0,"comment_status":"closed","ping_status":"closed","sticky":false,"template":"","format":"standard","meta":{"footnotes":""},"categories":[2,1],"tags":[],"class_list":["post-511","post","type-post","status-publish","format-standard","hentry","category-aktuell","category-allgemein"],"_links":{"self":[{"href":"https:\/\/gruene-weissach.de\/index.php?rest_route=\/wp\/v2\/posts\/511","targetHints":{"allow":["GET"]}}],"collection":[{"href":"https:\/\/gruene-weissach.de\/index.php?rest_route=\/wp\/v2\/posts"}],"about":[{"href":"https:\/\/gruene-weissach.de\/index.php?rest_route=\/wp\/v2\/types\/post"}],"author":[{"embeddable":true,"href":"https:\/\/gruene-weissach.de\/index.php?rest_route=\/wp\/v2\/users\/1"}],"replies":[{"embeddable":true,"href":"https:\/\/gruene-weissach.de\/index.php?rest_route=%2Fwp%2Fv2%2Fcomments&post=511"}],"version-history":[{"count":1,"href":"https:\/\/gruene-weissach.de\/index.php?rest_route=\/wp\/v2\/posts\/511\/revisions"}],"predecessor-version":[{"id":512,"href":"https:\/\/gruene-weissach.de\/index.php?rest_route=\/wp\/v2\/posts\/511\/revisions\/512"}],"wp:attachment":[{"href":"https:\/\/gruene-weissach.de\/index.php?rest_route=%2Fwp%2Fv2%2Fmedia&parent=511"}],"wp:term":[{"taxonomy":"category","embeddable":true,"href":"https:\/\/gruene-weissach.de\/index.php?rest_route=%2Fwp%2Fv2%2Fcategories&post=511"},{"taxonomy":"post_tag","embeddable":true,"href":"https:\/\/gruene-weissach.de\/index.php?rest_route=%2Fwp%2Fv2%2Ftags&post=511"}],"curies":[{"name":"wp","href":"https:\/\/api.w.org\/{rel}","templated":true}]}}