{"id":537,"date":"2019-08-21T21:59:56","date_gmt":"2019-08-21T19:59:56","guid":{"rendered":"https:\/\/gruene-weissach.de\/?p=537"},"modified":"2019-08-21T21:59:56","modified_gmt":"2019-08-21T19:59:56","slug":"neues-aus-unserer-gemeinderatsfraktion","status":"publish","type":"post","link":"https:\/\/gruene-weissach.de\/?p=537","title":{"rendered":"Neues aus unserer Gemeinderatsfraktion"},"content":{"rendered":"<p><span style=\"color: #000000;\"><span style=\"font-size: small;\">Als<strong> neue Fraktion<\/strong> haben <strong>die Gr\u00fcnen<\/strong> mit vier gewonnenen Sitzen nach der konstituierenden Sitzung am 28.06.2019 die Arbeit im Gemeinderat aufgenommen. Bereits zwei Sitzungen des Technischen Ausschusses und eine Gemeinderatssitzung fanden in der neuen Konstellation mit den nun vier Fraktionen statt.<\/span><\/span><\/p>\n<p><span style=\"color: #000000;\"><span style=\"font-size: small;\">Zuvor haben wir innerhalb der Fraktion <strong>Strukturen aufgebaut und Zust\u00e4ndigkeiten<\/strong> <strong>festgelegt<\/strong> &#8211; beste Voraussetzungen f\u00fcr eine erfolgreiche Gemeinderatsarbeit. <\/span><\/span><\/p>\n<p><span style=\"color: #000000;\"><span style=\"font-size: small;\">Gro\u00dfe, herausfordernde und spannende Themen stehen ab Herbst auf der Agenda, wie die <strong>Erneuerung der Ortsmitte in Weissach und der Bebauungsplan f\u00fcr das Gewerbegebiet Neuenb\u00fchl III.<\/strong><\/span><\/span><\/p>\n<p><span style=\"color: #000000;\"><span style=\"font-size: small;\">Die <strong>Gestaltung der Ortsmitte<\/strong> wird ein Jahrhundertprojekt, mit dessen Ergebnis viele nachfolgende Generationen leben m\u00fcssen. F\u00fcr uns ist deshalb von gr\u00f6\u00dfter Wichtigkeit, die Planungen vorausschauend, sorgsam und mit <strong>gr\u00f6\u00dftm\u00f6glicher B\u00fcrgerbeteiligung<\/strong> durchzuf\u00fchren. Von besonderer Bedeutung ist f\u00fcr uns Gr\u00fcne <strong>eine ganzheitliche Betrachtung<\/strong>, das hei\u00dft ein Gesamtkonzept auch \u00fcber den Ortskerns hinaus. Dabei m\u00fcssen auch die zuk\u00fcnftigen Ver\u00e4nderungen im Bereich der Mobilit\u00e4t mitber\u00fccksichtigt werden. Wir wollen einen zukunftsf\u00e4higen und nachhaltigen Ortskern schaffen, f\u00fcr die B\u00fcrgerinnen und B\u00fcrger.<\/span><\/span><\/p>\n<p><span style=\"color: #000000;\"><span style=\"font-size: small;\">Der Gemeinderat hat in alter Besetzung <strong>das neue Gewerbegebiet Neuenb\u00fchl III<\/strong> beschlossen. <\/span><\/span><\/p>\n<p><span style=\"color: #000000;\"><span style=\"font-size: small;\">Hier gilt es nun den Bebauungsplan entsprechend mitzugestalten, Vorschriften und Richtlinien festzulegen. Das wollen wir tun und Vorschl\u00e4ge einbringen. <strong>Offenen Fragen, wie die Verlegung des Bauhofes und des Wertstoffhofes<\/strong> in das neue Gewerbegebiet m\u00fcssen diskutiert und entschieden werden. Damit werden wir uns in den kommenden Wochen intensiv auseinandersetzen. <\/span><\/span><\/p>\n<p><span style=\"color: #000000;\"><span style=\"font-size: small;\">Weiteren anstehenden Themen in den n\u00e4chsten Monaten werden wir uns engagiert annehmen. Die Ziele aus unserem Wahlprogramm werden wir konsequent und kontinuierlich zum Wohle aller B\u00fcrger*innen verfolgen.<\/span><\/span><\/p>\n<p><span style=\"color: #000000;\"><span style=\"font-size: small;\"><strong>Motiviert und mit vielen frischen Ideen<\/strong> wollen wir Gr\u00fcne nach der Sommerpause in die kommende Legislaturperiode starten.<\/span><\/span><\/p>\n<p><span style=\"color: #000000;\"><span style=\"font-size: small;\">Wir sind uns vor allem bei den Themen <strong>Klimaschutz und nachhaltigem Wirtschaften<\/strong> unserer Verantwortung als Gr\u00fcne Fraktion bewusst. In der kommenden Legislaturperiode werden wir deshalb konsequent den W\u00e4hlerwillen umsetzen und bedanken uns nochmals f\u00fcr das in uns gesetzte Vertrauen.<\/span><\/span><\/p>\n<p><span style=\"color: #000000;\"><span style=\"font-size: small;\">Zuk\u00fcnftig wollen wir auch einen regelm\u00e4\u00dfigen <strong>\u201eGr\u00fcnen Stammtisch\u201c<\/strong> f\u00fcr alle B\u00fcrger*innen einf\u00fchren, da uns der B\u00fcrgerdialog sehr wichtig ist. Den ersten Termin werden wir bald unter der Rubrik der Gr\u00fcnen im Gemeindeblatt und auf unserer Internetseite bekanntgeben.<\/span><\/span><\/p>\n<p><span style=\"color: #000000;\"><span style=\"font-size: small;\">Eure Gr\u00fcne Gemeinderatsfraktion<\/span><\/span><\/p>\n<p><strong><span style=\"color: #000000;\"><span style=\"font-size: small;\">Petra Herter, Pierre Michael, Barbara Fauth und Christina Wiggenhauser<\/span><\/span><\/strong><\/p>\n","protected":false},"excerpt":{"rendered":"<p>Als neue Fraktion haben die Gr\u00fcnen mit vier gewonnenen Sitzen [&hellip;]<\/p>\n","protected":false},"author":-1,"featured_media":0,"comment_status":"closed","ping_status":"closed","sticky":false,"template":"","format":"standard","meta":{"footnotes":""},"categories":[2,1],"tags":[],"class_list":["post-537","post","type-post","status-publish","format-standard","hentry","category-aktuell","category-allgemein"],"_links":{"self":[{"href":"https:\/\/gruene-weissach.de\/index.php?rest_route=\/wp\/v2\/posts\/537","targetHints":{"allow":["GET"]}}],"collection":[{"href":"https:\/\/gruene-weissach.de\/index.php?rest_route=\/wp\/v2\/posts"}],"about":[{"href":"https:\/\/gruene-weissach.de\/index.php?rest_route=\/wp\/v2\/types\/post"}],"author":[{"embeddable":true,"href":"https:\/\/gruene-weissach.de\/index.php?rest_route=\/wp\/v2\/users\/1"}],"replies":[{"embeddable":true,"href":"https:\/\/gruene-weissach.de\/index.php?rest_route=%2Fwp%2Fv2%2Fcomments&post=537"}],"version-history":[{"count":1,"href":"https:\/\/gruene-weissach.de\/index.php?rest_route=\/wp\/v2\/posts\/537\/revisions"}],"predecessor-version":[{"id":538,"href":"https:\/\/gruene-weissach.de\/index.php?rest_route=\/wp\/v2\/posts\/537\/revisions\/538"}],"wp:attachment":[{"href":"https:\/\/gruene-weissach.de\/index.php?rest_route=%2Fwp%2Fv2%2Fmedia&parent=537"}],"wp:term":[{"taxonomy":"category","embeddable":true,"href":"https:\/\/gruene-weissach.de\/index.php?rest_route=%2Fwp%2Fv2%2Fcategories&post=537"},{"taxonomy":"post_tag","embeddable":true,"href":"https:\/\/gruene-weissach.de\/index.php?rest_route=%2Fwp%2Fv2%2Ftags&post=537"}],"curies":[{"name":"wp","href":"https:\/\/api.w.org\/{rel}","templated":true}]}}