{"id":549,"date":"2019-09-22T12:05:54","date_gmt":"2019-09-22T10:05:54","guid":{"rendered":"https:\/\/gruene-weissach.de\/?p=549"},"modified":"2019-09-22T12:09:58","modified_gmt":"2019-09-22T10:09:58","slug":"gruener-buergerdialog-in-herrenberg-am-17-september","status":"publish","type":"post","link":"https:\/\/gruene-weissach.de\/?p=549","title":{"rendered":"Gr\u00fcner B\u00fcrgerdialog in Herrenberg am 17. September"},"content":{"rendered":"<p>Am Dienstag, den 17.09.2019, fand in der Stadthalle in Herrenberg der B\u00fcrgerdialog der gr\u00fcnen Landesregierung statt. Zum Dialog hatte der Ministerpr\u00e4sident Kretschmann eingeladen, au\u00dferdem waren die komplette Minister*innenriege und etliche Abgeordnete anwesend. Nach einigen netten Gru\u00dfworten durch unseren MP, unsere MdL, Thekla Walker und Bernd Murschel, stellten sich die Minister*innen und die Abgeordneten den Fragen der ca. 500 G\u00e4sten an extra aufgestellten Tischinseln.<\/p>\n<p>Eine Gruppe aus Weissach und Flacht mit Petra, Christina, Linda und Gabriele waren ebenfalls dort, um sich zu informieren und mit zu diskutieren. Nach einer kurzen Begr\u00fc\u00dfung durch unseren gr\u00fcnen MP Winfried Kretschmann, gab es viel Gelegenheit zu individuellen Gespr\u00e4chen an den Tischinseln. Dieses lockere Format der Unterhaltung fand bei allen Teilnehmer*innen gro\u00dfen Anklang.<\/p>\n<h5>Fazit: Ein gelungener und informativer Abend mit &#8222;Politik zum Anfassen&#8220;. So ist Gr\u00fcn!<\/h5>\n<p><a href=\"https:\/\/gruene-weissach.de\/wp-content\/uploads\/2019\/09\/buergerdialog-herrenberg-3.jpg\"><img loading=\"lazy\" decoding=\"async\" class=\"alignnone size-medium wp-image-548\" src=\"https:\/\/gruene-weissach.de\/wp-content\/uploads\/2019\/09\/buergerdialog-herrenberg-3-400x212.jpg\" alt=\"\" width=\"400\" height=\"212\" srcset=\"https:\/\/gruene-weissach.de\/wp-content\/uploads\/2019\/09\/buergerdialog-herrenberg-3-400x212.jpg 400w, https:\/\/gruene-weissach.de\/wp-content\/uploads\/2019\/09\/buergerdialog-herrenberg-3-768x408.jpg 768w, https:\/\/gruene-weissach.de\/wp-content\/uploads\/2019\/09\/buergerdialog-herrenberg-3-800x425.jpg 800w, https:\/\/gruene-weissach.de\/wp-content\/uploads\/2019\/09\/buergerdialog-herrenberg-3-150x80.jpg 150w, https:\/\/gruene-weissach.de\/wp-content\/uploads\/2019\/09\/buergerdialog-herrenberg-3-850x450.jpg 850w, https:\/\/gruene-weissach.de\/wp-content\/uploads\/2019\/09\/buergerdialog-herrenberg-3.jpg 1600w\" sizes=\"auto, (max-width: 400px) 100vw, 400px\" \/><\/a><\/p>\n<p><a href=\"https:\/\/gruene-weissach.de\/wp-content\/uploads\/2019\/09\/buergerdialog-herrenberg-2.jpg\"><img loading=\"lazy\" decoding=\"async\" class=\"alignnone size-medium wp-image-547\" src=\"https:\/\/gruene-weissach.de\/wp-content\/uploads\/2019\/09\/buergerdialog-herrenberg-2-400x533.jpg\" alt=\"\" width=\"400\" height=\"533\" srcset=\"https:\/\/gruene-weissach.de\/wp-content\/uploads\/2019\/09\/buergerdialog-herrenberg-2-400x533.jpg 400w, https:\/\/gruene-weissach.de\/wp-content\/uploads\/2019\/09\/buergerdialog-herrenberg-2.jpg 768w, https:\/\/gruene-weissach.de\/wp-content\/uploads\/2019\/09\/buergerdialog-herrenberg-2-113x150.jpg 113w\" sizes=\"auto, (max-width: 400px) 100vw, 400px\" \/><\/a><\/p>\n<p><a href=\"https:\/\/gruene-weissach.de\/wp-content\/uploads\/2019\/09\/buergerdialog-herrenberg-1.jpg\"><img loading=\"lazy\" decoding=\"async\" class=\"alignnone size-medium wp-image-546\" src=\"https:\/\/gruene-weissach.de\/wp-content\/uploads\/2019\/09\/buergerdialog-herrenberg-1-400x533.jpg\" alt=\"\" width=\"400\" height=\"533\" srcset=\"https:\/\/gruene-weissach.de\/wp-content\/uploads\/2019\/09\/buergerdialog-herrenberg-1-400x533.jpg 400w, https:\/\/gruene-weissach.de\/wp-content\/uploads\/2019\/09\/buergerdialog-herrenberg-1.jpg 768w, https:\/\/gruene-weissach.de\/wp-content\/uploads\/2019\/09\/buergerdialog-herrenberg-1-113x150.jpg 113w\" sizes=\"auto, (max-width: 400px) 100vw, 400px\" \/><\/a><\/p>\n<p align=\"justify\"><span style=\"font-family: Arial Rounded MT Bold, serif;\"><span style=\"font-size: medium;\">\u00a0<\/span><\/span><\/p>\n<p align=\"justify\">\n","protected":false},"excerpt":{"rendered":"<p>Am Dienstag, den 17.09.2019, fand in der Stadthalle in Herrenberg [&hellip;]<\/p>\n","protected":false},"author":-1,"featured_media":0,"comment_status":"closed","ping_status":"closed","sticky":false,"template":"","format":"standard","meta":{"footnotes":""},"categories":[2,1],"tags":[],"class_list":["post-549","post","type-post","status-publish","format-standard","hentry","category-aktuell","category-allgemein"],"_links":{"self":[{"href":"https:\/\/gruene-weissach.de\/index.php?rest_route=\/wp\/v2\/posts\/549","targetHints":{"allow":["GET"]}}],"collection":[{"href":"https:\/\/gruene-weissach.de\/index.php?rest_route=\/wp\/v2\/posts"}],"about":[{"href":"https:\/\/gruene-weissach.de\/index.php?rest_route=\/wp\/v2\/types\/post"}],"author":[{"embeddable":true,"href":"https:\/\/gruene-weissach.de\/index.php?rest_route=\/wp\/v2\/users\/1"}],"replies":[{"embeddable":true,"href":"https:\/\/gruene-weissach.de\/index.php?rest_route=%2Fwp%2Fv2%2Fcomments&post=549"}],"version-history":[{"count":2,"href":"https:\/\/gruene-weissach.de\/index.php?rest_route=\/wp\/v2\/posts\/549\/revisions"}],"predecessor-version":[{"id":551,"href":"https:\/\/gruene-weissach.de\/index.php?rest_route=\/wp\/v2\/posts\/549\/revisions\/551"}],"wp:attachment":[{"href":"https:\/\/gruene-weissach.de\/index.php?rest_route=%2Fwp%2Fv2%2Fmedia&parent=549"}],"wp:term":[{"taxonomy":"category","embeddable":true,"href":"https:\/\/gruene-weissach.de\/index.php?rest_route=%2Fwp%2Fv2%2Fcategories&post=549"},{"taxonomy":"post_tag","embeddable":true,"href":"https:\/\/gruene-weissach.de\/index.php?rest_route=%2Fwp%2Fv2%2Ftags&post=549"}],"curies":[{"name":"wp","href":"https:\/\/api.w.org\/{rel}","templated":true}]}}