{"id":588,"date":"2019-10-06T13:12:09","date_gmt":"2019-10-06T11:12:09","guid":{"rendered":"https:\/\/gruene-weissach.de\/?p=588"},"modified":"2019-10-06T13:12:09","modified_gmt":"2019-10-06T11:12:09","slug":"gruener-stammtisch-am-17-10","status":"publish","type":"post","link":"https:\/\/gruene-weissach.de\/?p=588","title":{"rendered":"Gr\u00fcner Stammtisch am 17.10."},"content":{"rendered":"<h4 class=\"HZU headline\">B\u00fcrgerNAH: Herzliche Einladung zum GR\u00dcNEN Stammtisch<\/h4>\n<div class=\"textbody\">Liebe B\u00fcrger*innen,<br \/>\nbei unserem ersten GR\u00dcNEN Stammtisch wollen wir uns in gem\u00fctliche Runde im Restaurant Ratsstuben \u00fcber die aktuellen kommunalpolitischen Themen unterhalten. Allen Interessierten m\u00f6chten wir so die M\u00f6glichkeit bieten, sich \u00fcber die aktuellen Themen des Gemeinderates in unserer Gemeinde\u00a0 zu informieren. Gerne k\u00f6nnen eigene Themen und Anregungen mitgebracht werden. Wir h\u00f6ren gerne zu und diskutieren dar\u00fcber.<br \/>\nHast Du Lust dabei zu sein? Wir freuen uns auf DICH!<\/div>\n<div><\/div>\n<div><a href=\"https:\/\/gruene-weissach.de\/wp-content\/uploads\/2019\/10\/sharepic-Stammtisch-10.19.jpg\"><img loading=\"lazy\" decoding=\"async\" class=\"alignleft wp-image-583 size-medium\" src=\"https:\/\/gruene-weissach.de\/wp-content\/uploads\/2019\/10\/sharepic-Stammtisch-10.19-400x219.jpg\" alt=\"\" width=\"400\" height=\"219\" srcset=\"https:\/\/gruene-weissach.de\/wp-content\/uploads\/2019\/10\/sharepic-Stammtisch-10.19-400x219.jpg 400w, https:\/\/gruene-weissach.de\/wp-content\/uploads\/2019\/10\/sharepic-Stammtisch-10.19-768x420.jpg 768w, https:\/\/gruene-weissach.de\/wp-content\/uploads\/2019\/10\/sharepic-Stammtisch-10.19.jpg 800w, https:\/\/gruene-weissach.de\/wp-content\/uploads\/2019\/10\/sharepic-Stammtisch-10.19-150x82.jpg 150w\" sizes=\"auto, (max-width: 400px) 100vw, 400px\" \/><\/a><\/div>\n","protected":false},"excerpt":{"rendered":"<p>B\u00fcrgerNAH: Herzliche Einladung zum GR\u00dcNEN Stammtisch Liebe B\u00fcrger*innen, bei unserem [&hellip;]<\/p>\n","protected":false},"author":-1,"featured_media":0,"comment_status":"closed","ping_status":"closed","sticky":false,"template":"","format":"standard","meta":{"footnotes":""},"categories":[2,1],"tags":[],"class_list":["post-588","post","type-post","status-publish","format-standard","hentry","category-aktuell","category-allgemein"],"_links":{"self":[{"href":"https:\/\/gruene-weissach.de\/index.php?rest_route=\/wp\/v2\/posts\/588","targetHints":{"allow":["GET"]}}],"collection":[{"href":"https:\/\/gruene-weissach.de\/index.php?rest_route=\/wp\/v2\/posts"}],"about":[{"href":"https:\/\/gruene-weissach.de\/index.php?rest_route=\/wp\/v2\/types\/post"}],"author":[{"embeddable":true,"href":"https:\/\/gruene-weissach.de\/index.php?rest_route=\/wp\/v2\/users\/1"}],"replies":[{"embeddable":true,"href":"https:\/\/gruene-weissach.de\/index.php?rest_route=%2Fwp%2Fv2%2Fcomments&post=588"}],"version-history":[{"count":1,"href":"https:\/\/gruene-weissach.de\/index.php?rest_route=\/wp\/v2\/posts\/588\/revisions"}],"predecessor-version":[{"id":589,"href":"https:\/\/gruene-weissach.de\/index.php?rest_route=\/wp\/v2\/posts\/588\/revisions\/589"}],"wp:attachment":[{"href":"https:\/\/gruene-weissach.de\/index.php?rest_route=%2Fwp%2Fv2%2Fmedia&parent=588"}],"wp:term":[{"taxonomy":"category","embeddable":true,"href":"https:\/\/gruene-weissach.de\/index.php?rest_route=%2Fwp%2Fv2%2Fcategories&post=588"},{"taxonomy":"post_tag","embeddable":true,"href":"https:\/\/gruene-weissach.de\/index.php?rest_route=%2Fwp%2Fv2%2Ftags&post=588"}],"curies":[{"name":"wp","href":"https:\/\/api.w.org\/{rel}","templated":true}]}}