{"id":669,"date":"2020-01-20T16:06:38","date_gmt":"2020-01-20T15:06:38","guid":{"rendered":"https:\/\/gruene-weissach.de\/?p=669"},"modified":"2020-01-20T16:06:38","modified_gmt":"2020-01-20T15:06:38","slug":"gruene-auf-dem-neujahrsempfang","status":"publish","type":"post","link":"https:\/\/gruene-weissach.de\/?p=669","title":{"rendered":"Gr\u00fcne auf dem Neujahrsempfang"},"content":{"rendered":"<h5 class=\"HZU headline\">Besuchen Sie uns!<\/h5>\n<div class=\"textbody\">Wir von B\u00dcNDNIS90\/DIE GR\u00dcNEN Ortsverband Rutesheim-Weissach sind seit letztem Jahr vor Ort sehr aktiv und auch seit den Kommunalwahlen 2019 erstmals im Gemeinderat vertreten.<\/div>\n<div class=\"textbody\">Deshalb wollen wir uns auch am Neujahrsempfang pr\u00e4sentieren und Ihnen die M\u00f6glichkeit zum Gespr\u00e4ch geben:<\/div>\n<div class=\"textbody\"><b>Sonntag, den 26. Januar 2020 ab 13.30 Uhr in der Strudelbachhalle Weissach\u00a0<\/b><\/div>\n<div class=\"textbody\">Mit einer kleinen Umfrage m\u00f6chten wir herausfinden, welches f\u00fcr unsere B\u00fcrger*innen\u00a0 die wichtigsten Ziele und Aufgaben in unserer Gemeinde sind. Gerne setzen wir und daf\u00fcr in den\u00a0 bevorstehenden Haushaltsdiskussionen ein.<\/div>\n<div class=\"textbody\">Machen Sie mit!<\/div>\n<div class=\"textbody\">Wir freuen uns \u00fcber Menschen, die uns unerst\u00fctzen m\u00f6chten und politisches Interesse zeigen.<\/div>\n<div>\n<div class=\"textbody\">Eure GR\u00dcNEN in Weissach und Flacht<\/div>\n<div class=\"textbody\">und die Gemeinderatsfraktion Barbara Fauth, Petra Herter, Pierre Michael und Christina Wiggenhauser<\/div>\n<div><a href=\"https:\/\/gruene-weissach.de\/wp-content\/uploads\/2020\/01\/neujahrsempfang-26-januar-2020-strudelbachhalle-weissach.jpg\"><img loading=\"lazy\" decoding=\"async\" class=\"alignleft size-medium wp-image-671\" src=\"https:\/\/gruene-weissach.de\/wp-content\/uploads\/2020\/01\/neujahrsempfang-26-januar-2020-strudelbachhalle-weissach-400x225.jpg\" alt=\"\" width=\"400\" height=\"225\" srcset=\"https:\/\/gruene-weissach.de\/wp-content\/uploads\/2020\/01\/neujahrsempfang-26-januar-2020-strudelbachhalle-weissach-400x225.jpg 400w, https:\/\/gruene-weissach.de\/wp-content\/uploads\/2020\/01\/neujahrsempfang-26-januar-2020-strudelbachhalle-weissach-800x450.jpg 800w, https:\/\/gruene-weissach.de\/wp-content\/uploads\/2020\/01\/neujahrsempfang-26-januar-2020-strudelbachhalle-weissach-768x432.jpg 768w, https:\/\/gruene-weissach.de\/wp-content\/uploads\/2020\/01\/neujahrsempfang-26-januar-2020-strudelbachhalle-weissach-1536x864.jpg 1536w, https:\/\/gruene-weissach.de\/wp-content\/uploads\/2020\/01\/neujahrsempfang-26-januar-2020-strudelbachhalle-weissach-150x84.jpg 150w, https:\/\/gruene-weissach.de\/wp-content\/uploads\/2020\/01\/neujahrsempfang-26-januar-2020-strudelbachhalle-weissach.jpg 1920w\" sizes=\"auto, (max-width: 400px) 100vw, 400px\" \/><\/a><\/div>\n<\/div>\n","protected":false},"excerpt":{"rendered":"<p>Besuchen Sie uns! Wir von B\u00dcNDNIS90\/DIE GR\u00dcNEN Ortsverband Rutesheim-Weissach sind [&hellip;]<\/p>\n","protected":false},"author":-1,"featured_media":0,"comment_status":"closed","ping_status":"closed","sticky":false,"template":"","format":"standard","meta":{"footnotes":""},"categories":[2,1],"tags":[],"class_list":["post-669","post","type-post","status-publish","format-standard","hentry","category-aktuell","category-allgemein"],"_links":{"self":[{"href":"https:\/\/gruene-weissach.de\/index.php?rest_route=\/wp\/v2\/posts\/669","targetHints":{"allow":["GET"]}}],"collection":[{"href":"https:\/\/gruene-weissach.de\/index.php?rest_route=\/wp\/v2\/posts"}],"about":[{"href":"https:\/\/gruene-weissach.de\/index.php?rest_route=\/wp\/v2\/types\/post"}],"author":[{"embeddable":true,"href":"https:\/\/gruene-weissach.de\/index.php?rest_route=\/wp\/v2\/users\/1"}],"replies":[{"embeddable":true,"href":"https:\/\/gruene-weissach.de\/index.php?rest_route=%2Fwp%2Fv2%2Fcomments&post=669"}],"version-history":[{"count":2,"href":"https:\/\/gruene-weissach.de\/index.php?rest_route=\/wp\/v2\/posts\/669\/revisions"}],"predecessor-version":[{"id":672,"href":"https:\/\/gruene-weissach.de\/index.php?rest_route=\/wp\/v2\/posts\/669\/revisions\/672"}],"wp:attachment":[{"href":"https:\/\/gruene-weissach.de\/index.php?rest_route=%2Fwp%2Fv2%2Fmedia&parent=669"}],"wp:term":[{"taxonomy":"category","embeddable":true,"href":"https:\/\/gruene-weissach.de\/index.php?rest_route=%2Fwp%2Fv2%2Fcategories&post=669"},{"taxonomy":"post_tag","embeddable":true,"href":"https:\/\/gruene-weissach.de\/index.php?rest_route=%2Fwp%2Fv2%2Ftags&post=669"}],"curies":[{"name":"wp","href":"https:\/\/api.w.org\/{rel}","templated":true}]}}