{"id":681,"date":"2020-02-02T18:18:18","date_gmt":"2020-02-02T17:18:18","guid":{"rendered":"https:\/\/gruene-weissach.de\/?p=681"},"modified":"2020-02-02T18:18:18","modified_gmt":"2020-02-02T17:18:18","slug":"neujahrsempfang-des-kreisverbandes-boeblingen","status":"publish","type":"post","link":"https:\/\/gruene-weissach.de\/?p=681","title":{"rendered":"Neujahrsempfang des Kreisverbandes B\u00f6blingen"},"content":{"rendered":"<p><a href=\"https:\/\/gruene-weissach.de\/wp-content\/uploads\/2020\/02\/KV-Neujahrsempfang_2020.png\"><img loading=\"lazy\" decoding=\"async\" class=\"alignleft size-medium wp-image-678\" src=\"https:\/\/gruene-weissach.de\/wp-content\/uploads\/2020\/02\/KV-Neujahrsempfang_2020-400x198.png\" alt=\"\" width=\"400\" height=\"198\" srcset=\"https:\/\/gruene-weissach.de\/wp-content\/uploads\/2020\/02\/KV-Neujahrsempfang_2020-400x198.png 400w, https:\/\/gruene-weissach.de\/wp-content\/uploads\/2020\/02\/KV-Neujahrsempfang_2020-150x74.png 150w, https:\/\/gruene-weissach.de\/wp-content\/uploads\/2020\/02\/KV-Neujahrsempfang_2020.png 580w\" sizes=\"auto, (max-width: 400px) 100vw, 400px\" \/><\/a><\/p>\n<p>&nbsp;<\/p>\n<p>&nbsp;<\/p>\n<p>&nbsp;<\/p>\n<p>&nbsp;<\/p>\n<p>&nbsp;<\/p>\n<p>&nbsp;<\/p>\n<div class=\"ce-bodytext\">\n<p><strong>Datum: 13. Februar 2020<\/strong><br \/>\n<strong>Uhrzeit: 19:30 Uhr, Einlass ab 19:00 Uhr<\/strong><br \/>\n<strong>Ort: Freiraum, Ida-Ehre-Platz 3, 71032 B\u00f6blingen<\/strong><\/p>\n<p class=\"bodytext\">Zu Gast: <b><br \/>\nReinhard B\u00fctikofer, MdEP<\/b><\/p>\n<p class=\"bodytext\"><b>Mit seinem Vortrag zu &#8222;Weltpolitikf\u00e4higkeit? Die EU in der internationalen Politik laden wir Sie\/Euch ein, mit uns in das neue Jahr 2020 zu starten.<\/b><\/p>\n<p class=\"bodytext\">Die Geschwindigkeit, mit der sich die internationalen Beziehungen ver\u00e4ndern, sind eine Herausforderung f\u00fcr die EU. Wir erleben das als europ\u00e4ische B\u00fcrgerinnen und B\u00fcrger in vielfacher Weise. Die EU muss sich in einem Umfeld bew\u00e4hren, in dem sich nicht nur die Kr\u00e4fteverh\u00e4ltnisse fundamental verschieben, sondern auch die Grundregeln f\u00fcr die Gestaltung der internationalen Beziehungen neu bestimmt werden. Wie k\u00f6nnen wir unter den neuen Umst\u00e4nden unsere Werte und Interessen erfolgreich international verfolgen?<\/p>\n<p class=\"bodytext\">Der EU fehlt bisher vieles zur Weltpolitikf\u00e4higkeit. Was ist n\u00f6tig um diese zu erreichen? Und was haben wir alle als B\u00fcrgerinnen und B\u00fcrger davon?&#8220;<\/p>\n<p class=\"bodytext\"><b>Weitere G\u00e4ste:<\/b><br \/>\nThekla Walker MdL und Dr. Bernd Murschel MdL<\/p>\n<\/div>\n","protected":false},"excerpt":{"rendered":"<p>&nbsp; &nbsp; &nbsp; &nbsp; &nbsp; &nbsp; Datum: 13. Februar 2020 [&hellip;]<\/p>\n","protected":false},"author":-1,"featured_media":0,"comment_status":"closed","ping_status":"closed","sticky":false,"template":"","format":"standard","meta":{"footnotes":""},"categories":[2,1],"tags":[],"class_list":["post-681","post","type-post","status-publish","format-standard","hentry","category-aktuell","category-allgemein"],"_links":{"self":[{"href":"https:\/\/gruene-weissach.de\/index.php?rest_route=\/wp\/v2\/posts\/681","targetHints":{"allow":["GET"]}}],"collection":[{"href":"https:\/\/gruene-weissach.de\/index.php?rest_route=\/wp\/v2\/posts"}],"about":[{"href":"https:\/\/gruene-weissach.de\/index.php?rest_route=\/wp\/v2\/types\/post"}],"author":[{"embeddable":true,"href":"https:\/\/gruene-weissach.de\/index.php?rest_route=\/wp\/v2\/users\/1"}],"replies":[{"embeddable":true,"href":"https:\/\/gruene-weissach.de\/index.php?rest_route=%2Fwp%2Fv2%2Fcomments&post=681"}],"version-history":[{"count":1,"href":"https:\/\/gruene-weissach.de\/index.php?rest_route=\/wp\/v2\/posts\/681\/revisions"}],"predecessor-version":[{"id":682,"href":"https:\/\/gruene-weissach.de\/index.php?rest_route=\/wp\/v2\/posts\/681\/revisions\/682"}],"wp:attachment":[{"href":"https:\/\/gruene-weissach.de\/index.php?rest_route=%2Fwp%2Fv2%2Fmedia&parent=681"}],"wp:term":[{"taxonomy":"category","embeddable":true,"href":"https:\/\/gruene-weissach.de\/index.php?rest_route=%2Fwp%2Fv2%2Fcategories&post=681"},{"taxonomy":"post_tag","embeddable":true,"href":"https:\/\/gruene-weissach.de\/index.php?rest_route=%2Fwp%2Fv2%2Ftags&post=681"}],"curies":[{"name":"wp","href":"https:\/\/api.w.org\/{rel}","templated":true}]}}