{"id":684,"date":"2020-02-02T18:36:27","date_gmt":"2020-02-02T17:36:27","guid":{"rendered":"https:\/\/gruene-weissach.de\/?p=684"},"modified":"2020-02-02T18:38:45","modified_gmt":"2020-02-02T17:38:45","slug":"auswertung-unserer-umfrage-am-neujahrsempfang","status":"publish","type":"post","link":"https:\/\/gruene-weissach.de\/?p=684","title":{"rendered":"Auswertung unserer Umfrage am Neujahrsempfang"},"content":{"rendered":"<p>W\u00e4hrend des Neujahrsempfangs konnten die B\u00fcrger:innen an unserer kleinen Umfrage &#8222;Was ist Ihnen wichtig f\u00fcr Weissach und Flacht?&#8220; beteiligen. Das Angebot fand reges Interesse und so konnten die bereitgestellten Sparschweine mit den entsprechenden Chips gef\u00fcllt werden.<\/p>\n<p>Die anschliessende Auswertung ergab zwei Spitzenreiter, die deutlich vor den anderen Antworten gew\u00e4hlt wurden. Dies waren:<\/p>\n<p>1. Bl\u00fchstreifen an Stra\u00dfen und Wegr\u00e4ndern<\/p>\n<p>2. Klimaneutrales Weissach<\/p>\n<p>Das Gesamtergebnis k\u00f6nnt ihr <a href=\"https:\/\/gruene-weissach.de\/wp-content\/uploads\/2020\/02\/Auswertung-Umfrage-26.01.2020.pdf\"><strong>hier ansehen.<\/strong><\/a><\/p>\n<p>&nbsp;<\/p>\n","protected":false},"excerpt":{"rendered":"<p>W\u00e4hrend des Neujahrsempfangs konnten die B\u00fcrger:innen an unserer kleinen Umfrage [&hellip;]<\/p>\n","protected":false},"author":-1,"featured_media":0,"comment_status":"closed","ping_status":"closed","sticky":false,"template":"","format":"standard","meta":{"footnotes":""},"categories":[2,1],"tags":[],"class_list":["post-684","post","type-post","status-publish","format-standard","hentry","category-aktuell","category-allgemein"],"_links":{"self":[{"href":"https:\/\/gruene-weissach.de\/index.php?rest_route=\/wp\/v2\/posts\/684","targetHints":{"allow":["GET"]}}],"collection":[{"href":"https:\/\/gruene-weissach.de\/index.php?rest_route=\/wp\/v2\/posts"}],"about":[{"href":"https:\/\/gruene-weissach.de\/index.php?rest_route=\/wp\/v2\/types\/post"}],"author":[{"embeddable":true,"href":"https:\/\/gruene-weissach.de\/index.php?rest_route=\/wp\/v2\/users\/1"}],"replies":[{"embeddable":true,"href":"https:\/\/gruene-weissach.de\/index.php?rest_route=%2Fwp%2Fv2%2Fcomments&post=684"}],"version-history":[{"count":2,"href":"https:\/\/gruene-weissach.de\/index.php?rest_route=\/wp\/v2\/posts\/684\/revisions"}],"predecessor-version":[{"id":687,"href":"https:\/\/gruene-weissach.de\/index.php?rest_route=\/wp\/v2\/posts\/684\/revisions\/687"}],"wp:attachment":[{"href":"https:\/\/gruene-weissach.de\/index.php?rest_route=%2Fwp%2Fv2%2Fmedia&parent=684"}],"wp:term":[{"taxonomy":"category","embeddable":true,"href":"https:\/\/gruene-weissach.de\/index.php?rest_route=%2Fwp%2Fv2%2Fcategories&post=684"},{"taxonomy":"post_tag","embeddable":true,"href":"https:\/\/gruene-weissach.de\/index.php?rest_route=%2Fwp%2Fv2%2Ftags&post=684"}],"curies":[{"name":"wp","href":"https:\/\/api.w.org\/{rel}","templated":true}]}}