{"id":702,"date":"2020-03-18T22:49:44","date_gmt":"2020-03-18T21:49:44","guid":{"rendered":"https:\/\/gruene-weissach.de\/?p=702"},"modified":"2020-03-19T12:15:31","modified_gmt":"2020-03-19T11:15:31","slug":"haushaltsrede-2020-und-antraege-der-gruenen","status":"publish","type":"post","link":"https:\/\/gruene-weissach.de\/?p=702","title":{"rendered":"Haushaltsrede 2020 und Antr\u00e4ge der Gr\u00fcnen"},"content":{"rendered":"<p>Hier kannst du die Haushaltsrede und Antr\u00e4ge zum Haushalt 2020 nachlesen:<\/p>\n<p>&#8211; <a href=\"https:\/\/gruene-weissach.de\/wp-content\/uploads\/2020\/03\/Gr\u00fcne-Fraktion-Redebeitrag-HH-2020-final.pdf\" target=\"_blank\" rel=\"noopener noreferrer\">Haushaltsrede 2020<\/a><\/p>\n<p>&#8211; <a href=\"https:\/\/gruene-weissach.de\/wp-content\/uploads\/2020\/03\/GR-Fraktion-Gr\u00fcne-HH-2020-Antrag-1-Flexiblere-Kinderbetreuung-final.docx.pdf\" target=\"_blank\" rel=\"noopener noreferrer\">Antrag 1: Flexiblere Kinderbetreuung<\/a><\/p>\n<p>&#8211; <a href=\"https:\/\/gruene-weissach.de\/wp-content\/uploads\/2020\/03\/GR-Fraktion-Gr\u00fcne-HH-2020-Antrag-2-Erg\u00e4nzung-zur-Neufassung-der-Hundesteuersatzung-final.docx.pdf\" target=\"_blank\" rel=\"noopener noreferrer\">Antrag 2: Erg\u00e4nzungen zu Neufassung der Hundesteuersatzung<\/a><\/p>\n<p>&#8211; <a href=\"https:\/\/gruene-weissach.de\/wp-content\/uploads\/2020\/03\/GR-Fraktion-Gr\u00fcne-HH-2020-Antrag-3-Umsetzung-Gew\u00e4sserenticklungsplan-final.pdf\" target=\"_blank\" rel=\"noopener noreferrer\">Antrag 3: Umsetzung des Gew\u00e4sserentwicklungsplanes<\/a><\/p>\n<p>&#8211; <a href=\"https:\/\/gruene-weissach.de\/wp-content\/uploads\/2020\/03\/GR-Fraktion-Gr\u00fcne-HH-2020-Antrag-4-Sachstandsbericht-Sanierungsbedarf-gemeindeeigener-Geb\u00e4ude-final.pdf\" target=\"_blank\" rel=\"noopener noreferrer\">Antrag 4: Sachstandsbericht Sanierungsbedarf gemeindeeigener Geb\u00e4ude<\/a><\/p>\n<p>&#8211; <a href=\"https:\/\/gruene-weissach.de\/wp-content\/uploads\/2020\/03\/GR-Fraktion-Gr\u00fcne-HH-2020-Antrag-5-Fahrradabstellpl\u00e4tze-an-Bushaltestellen-final-.pdf\" target=\"_blank\" rel=\"noopener noreferrer\">Antrag 5: Fahrradst\u00e4nder an allen Bushaltestellen<\/a><\/p>\n<p>&#8211; <a href=\"https:\/\/gruene-weissach.de\/wp-content\/uploads\/2020\/03\/GR-Fraktion-Gr\u00fcne-HH-2020-Antrag-6-Bl\u00fchstreifen-an-Stra\u00dfen-und-Weger\u00e4ndern-final.pdf\" target=\"_blank\" rel=\"noopener noreferrer\">Antrag 6: Bl\u00fchstreifen an Stra\u00dfen- und Weger\u00e4ndern<\/a><\/p>\n<p>&#8211; <a href=\"https:\/\/gruene-weissach.de\/wp-content\/uploads\/2020\/03\/GR-Fraktion-Gr\u00fcne-HH-2020-Antrag-7-Pestizidfreie-Kommune-Weissach-final.docx.pdf\" target=\"_blank\" rel=\"noopener noreferrer\">Antrag 7: Pestizidfreie Gemeinde<\/a><\/p>\n<p>&#8211; <a href=\"https:\/\/gruene-weissach.de\/wp-content\/uploads\/2020\/03\/GR-Fraktion-Gr\u00fcne-HH-2020-Antrag-8-Verzicht-auf-Einsatz-von-Laubbl\u00e4ser-final.docx.pdf\" target=\"_blank\" rel=\"noopener noreferrer\">Antrag 8: Verbot von Einsatz von Laubbl\u00e4ser<\/a><\/p>\n<p>&#8211; <a href=\"https:\/\/gruene-weissach.de\/wp-content\/uploads\/2020\/03\/GR-Fraktion-Gr\u00fcne-HH-2020-Antrag-9-Barrierefreier-Ortsplan-final.pdf\" target=\"_blank\" rel=\"noopener noreferrer\">Antrag 9: Barrierefreier Ortsplan<\/a><\/p>\n<p>&#8211; <a href=\"https:\/\/gruene-weissach.de\/wp-content\/uploads\/2020\/03\/GR-Fraktion-Gr\u00fcne-HH-2020-\u00dcberfraktioneller-Antrag-10-mit-UL-Einstellung-eines-Klimaschutzbeauftragen.pdf\" target=\"_blank\" rel=\"noopener noreferrer\">Antrag 10: \u00dcberfraktioneller Antrag mit der Unabh\u00e4ngigen Liste<\/a><br \/>\nEinstellung eines Klimaschutzmanagers f\u00fcr die Gemeinde<\/p>\n<p>&#8211; <a href=\"https:\/\/gruene-weissach.de\/wp-content\/uploads\/2020\/03\/GR-Fraktion-Gr\u00fcne-HH-2020-\u00dcberfraktioneller-Antrag-11-mit-UL-Teilnahme-der-Gemeinde-Weissach-am-EEA.docx.pdf\" target=\"_blank\" rel=\"noopener noreferrer\">Antrag 11: \u00dcberfraktioneller Antrag mit der Unabh\u00e4ngigen Liste<\/a><br \/>\nTeilnahme der Gemeinde Weissach am European Energy Award<\/p>\n<p>&#8211; <a href=\"https:\/\/gruene-weissach.de\/wp-content\/uploads\/2020\/03\/GR-Fraktion-Gr\u00fcne-HH-2020-\u00dcberfraktioneller-Antrag-12-mit-UL-Einstellung-von-Pauschalen-f\u00fcr-Klimschutzma\u00dfnamen.docx.pdf\" target=\"_blank\" rel=\"noopener noreferrer\">Antrag 12: \u00dcberfraktioneller Antrag mit der Unabh\u00e4ngigen Liste<\/a><br \/>\nEinstellung von Pauschalen f\u00fcr Klimaschutzma\u00dfnahmen<\/p>\n<p>&nbsp;<\/p>\n<p>&nbsp;<\/p>\n","protected":false},"excerpt":{"rendered":"<p>Hier kannst du die Haushaltsrede und Antr\u00e4ge zum Haushalt 2020 [&hellip;]<\/p>\n","protected":false},"author":-1,"featured_media":0,"comment_status":"closed","ping_status":"closed","sticky":false,"template":"","format":"standard","meta":{"footnotes":""},"categories":[2,1],"tags":[],"class_list":["post-702","post","type-post","status-publish","format-standard","hentry","category-aktuell","category-allgemein"],"_links":{"self":[{"href":"https:\/\/gruene-weissach.de\/index.php?rest_route=\/wp\/v2\/posts\/702","targetHints":{"allow":["GET"]}}],"collection":[{"href":"https:\/\/gruene-weissach.de\/index.php?rest_route=\/wp\/v2\/posts"}],"about":[{"href":"https:\/\/gruene-weissach.de\/index.php?rest_route=\/wp\/v2\/types\/post"}],"author":[{"embeddable":true,"href":"https:\/\/gruene-weissach.de\/index.php?rest_route=\/wp\/v2\/users\/1"}],"replies":[{"embeddable":true,"href":"https:\/\/gruene-weissach.de\/index.php?rest_route=%2Fwp%2Fv2%2Fcomments&post=702"}],"version-history":[{"count":8,"href":"https:\/\/gruene-weissach.de\/index.php?rest_route=\/wp\/v2\/posts\/702\/revisions"}],"predecessor-version":[{"id":711,"href":"https:\/\/gruene-weissach.de\/index.php?rest_route=\/wp\/v2\/posts\/702\/revisions\/711"}],"wp:attachment":[{"href":"https:\/\/gruene-weissach.de\/index.php?rest_route=%2Fwp%2Fv2%2Fmedia&parent=702"}],"wp:term":[{"taxonomy":"category","embeddable":true,"href":"https:\/\/gruene-weissach.de\/index.php?rest_route=%2Fwp%2Fv2%2Fcategories&post=702"},{"taxonomy":"post_tag","embeddable":true,"href":"https:\/\/gruene-weissach.de\/index.php?rest_route=%2Fwp%2Fv2%2Ftags&post=702"}],"curies":[{"name":"wp","href":"https:\/\/api.w.org\/{rel}","templated":true}]}}